{"id":816,"date":"2013-06-01T10:08:47","date_gmt":"2013-06-01T10:08:47","guid":{"rendered":"http:\/\/elibragerphotography.com\/?p=816"},"modified":"2013-06-02T12:00:18","modified_gmt":"2013-06-02T12:00:18","slug":"hagen-var-tom-na-er-det-plantet-traer-og-busker","status":"publish","type":"post","link":"https:\/\/elibragerphotography.com\/nb\/hagen-var-tom-na-er-det-plantet-traer-og-busker\/","title":{"rendered":"Hagen var tom &#8211; n\u00e5 er det plantet tr\u00e6r og busker"},"content":{"rendered":"<p>Etter at vi hadde flyttet, pakket i pappesker, tatt ut av pappesker og b\u00e5ret og b\u00e5ret i en evighet, var det p\u00e5 tide \u00e5 finne ut litt om denne nye hagen v\u00e5r. Den var rimelig tom. En rohdodendron som s\u00e5 ut til \u00e5 ta kvelden, men et stort flott bjerketre, en or og en rogn. Vi tenkte at barna kunne f\u00e5 hvert sitt tre, s\u00e5 det ble plommetre, kirseb\u00e6rtre, epletre og en prydbusk. Utover det kj\u00f8pte vi bringeb\u00e6rbusker, jordb\u00e6rplanter og fr\u00f8 til guler\u00f8tter og reddiker. Sist l\u00f8rdag fikk vi ogs\u00e5 to busker, en klokkeblomst og en skj\u00e6rsmin. S\u00e5 n\u00e5 fylles det opp her. Her er noen bilder fra plantingen i g\u00e5r.<\/p>\n<p><a href=\"https:\/\/i0.wp.com\/elibragerphotography.com\/wp-content\/uploads\/2013\/06\/gro_6814.jpg?ssl=1\"><img data-recalc-dims=\"1\" loading=\"lazy\" decoding=\"async\" data-attachment-id=\"817\" data-permalink=\"https:\/\/elibragerphotography.com\/nb\/hagen-var-tom-na-er-det-plantet-traer-og-busker\/gro_6814\/\" data-orig-file=\"https:\/\/i0.wp.com\/elibragerphotography.com\/wp-content\/uploads\/2013\/06\/gro_6814.jpg?fit=674%2C1024&amp;ssl=1\" data-orig-size=\"674,1024\" data-comments-opened=\"1\" data-image-meta=\"{&quot;aperture&quot;:&quot;5.6&quot;,&quot;credit&quot;:&quot;&quot;,&quot;camera&quot;:&quot;NIKON D300&quot;,&quot;caption&quot;:&quot;&quot;,&quot;created_timestamp&quot;:&quot;1370033895&quot;,&quot;copyright&quot;:&quot;&quot;,&quot;focal_length&quot;:&quot;35&quot;,&quot;iso&quot;:&quot;720&quot;,&quot;shutter_speed&quot;:&quot;0.016666666666667&quot;,&quot;title&quot;:&quot;&quot;}\" data-image-title=\"GRO_6814\" data-image-description=\"\" data-image-caption=\"\" data-large-file=\"https:\/\/i0.wp.com\/elibragerphotography.com\/wp-content\/uploads\/2013\/06\/gro_6814.jpg?fit=674%2C1024&amp;ssl=1\" class=\"aligncenter size-full wp-image-817\" alt=\"GRO_6814\" src=\"https:\/\/i0.wp.com\/elibragerphotography.com\/wp-content\/uploads\/2013\/06\/gro_6814.jpg?resize=600%2C911&#038;ssl=1\" width=\"600\" height=\"911\" \/><\/a> <a href=\"https:\/\/i0.wp.com\/elibragerphotography.com\/wp-content\/uploads\/2013\/06\/gro_6826.jpg?ssl=1\"><img data-recalc-dims=\"1\" loading=\"lazy\" decoding=\"async\" data-attachment-id=\"819\" data-permalink=\"https:\/\/elibragerphotography.com\/nb\/hagen-var-tom-na-er-det-plantet-traer-og-busker\/gro_6826\/\" data-orig-file=\"https:\/\/i0.wp.com\/elibragerphotography.com\/wp-content\/uploads\/2013\/06\/gro_6826.jpg?fit=680%2C1024&amp;ssl=1\" data-orig-size=\"680,1024\" data-comments-opened=\"1\" data-image-meta=\"{&quot;aperture&quot;:&quot;5.6&quot;,&quot;credit&quot;:&quot;&quot;,&quot;camera&quot;:&quot;NIKON D300&quot;,&quot;caption&quot;:&quot;&quot;,&quot;created_timestamp&quot;:&quot;1370034489&quot;,&quot;copyright&quot;:&quot;&quot;,&quot;focal_length&quot;:&quot;18&quot;,&quot;iso&quot;:&quot;1400&quot;,&quot;shutter_speed&quot;:&quot;0.016666666666667&quot;,&quot;title&quot;:&quot;&quot;}\" data-image-title=\"GRO_6826\" data-image-description=\"\" data-image-caption=\"\" data-large-file=\"https:\/\/i0.wp.com\/elibragerphotography.com\/wp-content\/uploads\/2013\/06\/gro_6826.jpg?fit=680%2C1024&amp;ssl=1\" class=\"aligncenter size-full wp-image-819\" alt=\"GRO_6826\" src=\"https:\/\/i0.wp.com\/elibragerphotography.com\/wp-content\/uploads\/2013\/06\/gro_6826.jpg?resize=600%2C903&#038;ssl=1\" width=\"600\" height=\"903\" \/><\/a> <a href=\"https:\/\/i0.wp.com\/elibragerphotography.com\/wp-content\/uploads\/2013\/06\/gro_6835.jpg?ssl=1\"><img data-recalc-dims=\"1\" loading=\"lazy\" decoding=\"async\" data-attachment-id=\"820\" data-permalink=\"https:\/\/elibragerphotography.com\/nb\/hagen-var-tom-na-er-det-plantet-traer-og-busker\/gro_6835\/\" data-orig-file=\"https:\/\/i0.wp.com\/elibragerphotography.com\/wp-content\/uploads\/2013\/06\/gro_6835.jpg?fit=1024%2C680&amp;ssl=1\" data-orig-size=\"1024,680\" data-comments-opened=\"1\" data-image-meta=\"{&quot;aperture&quot;:&quot;5.6&quot;,&quot;credit&quot;:&quot;&quot;,&quot;camera&quot;:&quot;NIKON D300&quot;,&quot;caption&quot;:&quot;&quot;,&quot;created_timestamp&quot;:&quot;1370036341&quot;,&quot;copyright&quot;:&quot;&quot;,&quot;focal_length&quot;:&quot;70&quot;,&quot;iso&quot;:&quot;500&quot;,&quot;shutter_speed&quot;:&quot;0.025&quot;,&quot;title&quot;:&quot;&quot;}\" data-image-title=\"GRO_6835\" data-image-description=\"\" data-image-caption=\"\" data-large-file=\"https:\/\/i0.wp.com\/elibragerphotography.com\/wp-content\/uploads\/2013\/06\/gro_6835.jpg?fit=1024%2C680&amp;ssl=1\" class=\"aligncenter size-full wp-image-820\" alt=\"GRO_6835\" src=\"https:\/\/i0.wp.com\/elibragerphotography.com\/wp-content\/uploads\/2013\/06\/gro_6835.jpg?resize=600%2C398&#038;ssl=1\" width=\"600\" height=\"398\" \/><\/a> <a href=\"https:\/\/i0.wp.com\/elibragerphotography.com\/wp-content\/uploads\/2013\/06\/gro_6847.jpg?ssl=1\"><img data-recalc-dims=\"1\" loading=\"lazy\" decoding=\"async\" data-attachment-id=\"821\" data-permalink=\"https:\/\/elibragerphotography.com\/nb\/hagen-var-tom-na-er-det-plantet-traer-og-busker\/gro_6847\/\" data-orig-file=\"https:\/\/i0.wp.com\/elibragerphotography.com\/wp-content\/uploads\/2013\/06\/gro_6847.jpg?fit=680%2C1024&amp;ssl=1\" data-orig-size=\"680,1024\" data-comments-opened=\"1\" data-image-meta=\"{&quot;aperture&quot;:&quot;5.6&quot;,&quot;credit&quot;:&quot;&quot;,&quot;camera&quot;:&quot;NIKON D300&quot;,&quot;caption&quot;:&quot;&quot;,&quot;created_timestamp&quot;:&quot;1370036369&quot;,&quot;copyright&quot;:&quot;&quot;,&quot;focal_length&quot;:&quot;38&quot;,&quot;iso&quot;:&quot;500&quot;,&quot;shutter_speed&quot;:&quot;0.025&quot;,&quot;title&quot;:&quot;&quot;}\" data-image-title=\"GRO_6847\" data-image-description=\"\" data-image-caption=\"\" data-large-file=\"https:\/\/i0.wp.com\/elibragerphotography.com\/wp-content\/uploads\/2013\/06\/gro_6847.jpg?fit=680%2C1024&amp;ssl=1\" class=\"aligncenter size-full wp-image-821\" alt=\"GRO_6847\" src=\"https:\/\/i0.wp.com\/elibragerphotography.com\/wp-content\/uploads\/2013\/06\/gro_6847.jpg?resize=600%2C903&#038;ssl=1\" width=\"600\" height=\"903\" \/><\/a> <a href=\"https:\/\/i0.wp.com\/elibragerphotography.com\/wp-content\/uploads\/2013\/06\/gro_6865.jpg?ssl=1\"><img data-recalc-dims=\"1\" loading=\"lazy\" decoding=\"async\" data-attachment-id=\"822\" data-permalink=\"https:\/\/elibragerphotography.com\/nb\/hagen-var-tom-na-er-det-plantet-traer-og-busker\/gro_6865\/\" data-orig-file=\"https:\/\/i0.wp.com\/elibragerphotography.com\/wp-content\/uploads\/2013\/06\/gro_6865.jpg?fit=680%2C1024&amp;ssl=1\" data-orig-size=\"680,1024\" data-comments-opened=\"1\" data-image-meta=\"{&quot;aperture&quot;:&quot;5.6&quot;,&quot;credit&quot;:&quot;&quot;,&quot;camera&quot;:&quot;NIKON D300&quot;,&quot;caption&quot;:&quot;&quot;,&quot;created_timestamp&quot;:&quot;1370039325&quot;,&quot;copyright&quot;:&quot;&quot;,&quot;focal_length&quot;:&quot;18&quot;,&quot;iso&quot;:&quot;500&quot;,&quot;shutter_speed&quot;:&quot;0.2&quot;,&quot;title&quot;:&quot;&quot;}\" data-image-title=\"GRO_6865\" data-image-description=\"\" data-image-caption=\"\" data-large-file=\"https:\/\/i0.wp.com\/elibragerphotography.com\/wp-content\/uploads\/2013\/06\/gro_6865.jpg?fit=680%2C1024&amp;ssl=1\" class=\"aligncenter size-full wp-image-822\" alt=\"GRO_6865\" src=\"https:\/\/i0.wp.com\/elibragerphotography.com\/wp-content\/uploads\/2013\/06\/gro_6865.jpg?resize=600%2C903&#038;ssl=1\" width=\"600\" height=\"903\" \/><\/a><\/p>","protected":false},"excerpt":{"rendered":"<p>Etter at vi hadde flyttet, pakket i pappesker, tatt ut av pappesker og b\u00e5ret og b\u00e5ret i en evighet, var det p\u00e5 tide \u00e5 finne ut litt om denne nye hagen v\u00e5r. Den var rimelig tom. En rohdodendron som s\u00e5 ut til \u00e5 ta kvelden, men et stort flott bjerketre, en or og en rogn&#8230;.<\/p>","protected":false},"author":8754777,"featured_media":0,"comment_status":"open","ping_status":"open","sticky":false,"template":"","format":"standard","meta":{"_coblocks_attr":"","_coblocks_dimensions":"","_coblocks_responsive_height":"","_coblocks_accordion_ie_support":"","_kad_post_transparent":"","_kad_post_title":"","_kad_post_layout":"","_kad_post_sidebar_id":"","_kad_post_content_style":"","_kad_post_vertical_padding":"","_kad_post_feature":"","_kad_post_feature_position":"","_kad_post_header":false,"_kad_post_footer":false,"_kad_post_classname":"","_jetpack_newsletter_access":"","_jetpack_dont_email_post_to_subs":false,"_jetpack_newsletter_tier_id":0,"_jetpack_memberships_contains_paywalled_content":false,"_jetpack_memberships_contains_paid_content":false,"footnotes":"","jetpack_publicize_message":"","jetpack_publicize_feature_enabled":true,"jetpack_social_post_already_shared":false,"jetpack_social_options":{"image_generator_settings":{"template":"highway","default_image_id":0,"font":"","enabled":false},"version":2},"_wpas_customize_per_network":false,"jetpack_post_was_ever_published":false},"categories":[177590],"tags":[783523263,52408,104288245],"class_list":["post-816","post","type-post","status-publish","format-standard","hentry","category-hage","tag-hage","tag-planting","tag-traer-2"],"yoast_head":"<!-- This site is optimized with the Yoast SEO plugin v27.4 - https:\/\/yoast.com\/product\/yoast-seo-wordpress\/ -->\n<title>Hagen var tom - n\u00e5 er det plantet tr\u00e6r og busker - Eli Brager Photography<\/title>\n<meta name=\"robots\" content=\"index, follow, max-snippet:-1, max-image-preview:large, max-video-preview:-1\" \/>\n<link rel=\"canonical\" href=\"https:\/\/elibragerphotography.com\/nb\/hagen-var-tom-na-er-det-plantet-traer-og-busker\/\" \/>\n<meta property=\"og:locale\" content=\"nb_NO\" \/>\n<meta property=\"og:type\" content=\"article\" \/>\n<meta property=\"og:title\" content=\"Hagen var tom - n\u00e5 er det plantet tr\u00e6r og busker - Eli Brager Photography\" \/>\n<meta property=\"og:description\" content=\"Etter at vi hadde flyttet, pakket i pappesker, tatt ut av pappesker og b\u00e5ret og b\u00e5ret i en evighet, var det p\u00e5 tide \u00e5 finne ut litt om denne nye hagen v\u00e5r. Den var rimelig tom. En rohdodendron som s\u00e5 ut til \u00e5 ta kvelden, men et stort flott bjerketre, en or og en rogn....\" \/>\n<meta property=\"og:url\" content=\"https:\/\/elibragerphotography.com\/nb\/hagen-var-tom-na-er-det-plantet-traer-og-busker\/\" \/>\n<meta property=\"og:site_name\" content=\"Eli Brager Photography\" \/>\n<meta property=\"article:publisher\" content=\"https:\/\/www.facebook.com\/EliBragerPhotography\" \/>\n<meta property=\"article:author\" content=\"https:\/\/www.facebook.com\/EliBragerPhotography\" \/>\n<meta property=\"article:published_time\" content=\"2013-06-01T10:08:47+00:00\" \/>\n<meta property=\"article:modified_time\" content=\"2013-06-02T12:00:18+00:00\" \/>\n<meta property=\"og:image\" content=\"https:\/\/elibragerphotography.com\/wp-content\/uploads\/2013\/06\/gro_6814.jpg\" \/>\n<meta name=\"author\" content=\"elibrager\" \/>\n<meta name=\"twitter:card\" content=\"summary_large_image\" \/>\n<meta name=\"twitter:label1\" content=\"Skrevet av\" \/>\n\t<meta name=\"twitter:data1\" content=\"elibrager\" \/>\n\t<meta name=\"twitter:label2\" content=\"Ansl. lesetid\" \/>\n\t<meta name=\"twitter:data2\" content=\"1 minutt\" \/>\n<script type=\"application\/ld+json\" class=\"yoast-schema-graph\">{\"@context\":\"https:\\\/\\\/schema.org\",\"@graph\":[{\"@type\":\"Article\",\"@id\":\"https:\\\/\\\/elibragerphotography.com\\\/hagen-var-tom-na-er-det-plantet-traer-og-busker\\\/#article\",\"isPartOf\":{\"@id\":\"https:\\\/\\\/elibragerphotography.com\\\/hagen-var-tom-na-er-det-plantet-traer-og-busker\\\/\"},\"author\":{\"name\":\"elibrager\",\"@id\":\"https:\\\/\\\/elibragerphotography.com\\\/#\\\/schema\\\/person\\\/2d49ba3051dc6c73bb511d324539efbe\"},\"headline\":\"Hagen var tom &#8211; n\u00e5 er det plantet tr\u00e6r og busker\",\"datePublished\":\"2013-06-01T10:08:47+00:00\",\"dateModified\":\"2013-06-02T12:00:18+00:00\",\"mainEntityOfPage\":{\"@id\":\"https:\\\/\\\/elibragerphotography.com\\\/hagen-var-tom-na-er-det-plantet-traer-og-busker\\\/\"},\"wordCount\":132,\"commentCount\":0,\"publisher\":{\"@id\":\"https:\\\/\\\/elibragerphotography.com\\\/#\\\/schema\\\/person\\\/2d49ba3051dc6c73bb511d324539efbe\"},\"image\":{\"@id\":\"https:\\\/\\\/elibragerphotography.com\\\/hagen-var-tom-na-er-det-plantet-traer-og-busker\\\/#primaryimage\"},\"thumbnailUrl\":\"https:\\\/\\\/elibragerphotography.com\\\/wp-content\\\/uploads\\\/2013\\\/06\\\/gro_6814.jpg\",\"keywords\":[\"Hage\",\"planting\",\"tr\u00e6r\"],\"articleSection\":[\"Hage\"],\"inLanguage\":\"nb-NO\",\"potentialAction\":[{\"@type\":\"CommentAction\",\"name\":\"Comment\",\"target\":[\"https:\\\/\\\/elibragerphotography.com\\\/hagen-var-tom-na-er-det-plantet-traer-og-busker\\\/#respond\"]}]},{\"@type\":\"WebPage\",\"@id\":\"https:\\\/\\\/elibragerphotography.com\\\/hagen-var-tom-na-er-det-plantet-traer-og-busker\\\/\",\"url\":\"https:\\\/\\\/elibragerphotography.com\\\/hagen-var-tom-na-er-det-plantet-traer-og-busker\\\/\",\"name\":\"Hagen var tom - n\u00e5 er det plantet tr\u00e6r og busker - Eli Brager Photography\",\"isPartOf\":{\"@id\":\"https:\\\/\\\/elibragerphotography.com\\\/#website\"},\"primaryImageOfPage\":{\"@id\":\"https:\\\/\\\/elibragerphotography.com\\\/hagen-var-tom-na-er-det-plantet-traer-og-busker\\\/#primaryimage\"},\"image\":{\"@id\":\"https:\\\/\\\/elibragerphotography.com\\\/hagen-var-tom-na-er-det-plantet-traer-og-busker\\\/#primaryimage\"},\"thumbnailUrl\":\"https:\\\/\\\/elibragerphotography.com\\\/wp-content\\\/uploads\\\/2013\\\/06\\\/gro_6814.jpg\",\"datePublished\":\"2013-06-01T10:08:47+00:00\",\"dateModified\":\"2013-06-02T12:00:18+00:00\",\"breadcrumb\":{\"@id\":\"https:\\\/\\\/elibragerphotography.com\\\/hagen-var-tom-na-er-det-plantet-traer-og-busker\\\/#breadcrumb\"},\"inLanguage\":\"nb-NO\",\"potentialAction\":[{\"@type\":\"ReadAction\",\"target\":[\"https:\\\/\\\/elibragerphotography.com\\\/hagen-var-tom-na-er-det-plantet-traer-og-busker\\\/\"]}]},{\"@type\":\"ImageObject\",\"inLanguage\":\"nb-NO\",\"@id\":\"https:\\\/\\\/elibragerphotography.com\\\/hagen-var-tom-na-er-det-plantet-traer-og-busker\\\/#primaryimage\",\"url\":\"https:\\\/\\\/elibragerphotography.com\\\/wp-content\\\/uploads\\\/2013\\\/06\\\/gro_6814.jpg\",\"contentUrl\":\"https:\\\/\\\/elibragerphotography.com\\\/wp-content\\\/uploads\\\/2013\\\/06\\\/gro_6814.jpg\"},{\"@type\":\"BreadcrumbList\",\"@id\":\"https:\\\/\\\/elibragerphotography.com\\\/hagen-var-tom-na-er-det-plantet-traer-og-busker\\\/#breadcrumb\",\"itemListElement\":[{\"@type\":\"ListItem\",\"position\":1,\"name\":\"Home\",\"item\":\"https:\\\/\\\/elibragerphotography.com\\\/\"},{\"@type\":\"ListItem\",\"position\":2,\"name\":\"Hagen var tom &#8211; n\u00e5 er det plantet tr\u00e6r og busker\"}]},{\"@type\":\"WebSite\",\"@id\":\"https:\\\/\\\/elibragerphotography.com\\\/#website\",\"url\":\"https:\\\/\\\/elibragerphotography.com\\\/\",\"name\":\"Eli Brager Photography\",\"description\":\"About Photography, Travelling and joy of life!\",\"publisher\":{\"@id\":\"https:\\\/\\\/elibragerphotography.com\\\/#\\\/schema\\\/person\\\/2d49ba3051dc6c73bb511d324539efbe\"},\"potentialAction\":[{\"@type\":\"SearchAction\",\"target\":{\"@type\":\"EntryPoint\",\"urlTemplate\":\"https:\\\/\\\/elibragerphotography.com\\\/?s={search_term_string}\"},\"query-input\":{\"@type\":\"PropertyValueSpecification\",\"valueRequired\":true,\"valueName\":\"search_term_string\"}}],\"inLanguage\":\"nb-NO\"},{\"@type\":[\"Person\",\"Organization\"],\"@id\":\"https:\\\/\\\/elibragerphotography.com\\\/#\\\/schema\\\/person\\\/2d49ba3051dc6c73bb511d324539efbe\",\"name\":\"elibrager\",\"image\":{\"@type\":\"ImageObject\",\"inLanguage\":\"nb-NO\",\"@id\":\"https:\\\/\\\/i0.wp.com\\\/elibragerphotography.com\\\/wp-content\\\/uploads\\\/2025\\\/08\\\/img_1334.jpeg?fit=1536%2C2048&quality=80&strip=all&ssl=1\",\"url\":\"https:\\\/\\\/i0.wp.com\\\/elibragerphotography.com\\\/wp-content\\\/uploads\\\/2025\\\/08\\\/img_1334.jpeg?fit=1536%2C2048&quality=80&strip=all&ssl=1\",\"contentUrl\":\"https:\\\/\\\/i0.wp.com\\\/elibragerphotography.com\\\/wp-content\\\/uploads\\\/2025\\\/08\\\/img_1334.jpeg?fit=1536%2C2048&quality=80&strip=all&ssl=1\",\"width\":1536,\"height\":2048,\"caption\":\"elibrager\"},\"logo\":{\"@id\":\"https:\\\/\\\/i0.wp.com\\\/elibragerphotography.com\\\/wp-content\\\/uploads\\\/2025\\\/08\\\/img_1334.jpeg?fit=1536%2C2048&quality=80&strip=all&ssl=1\"},\"description\":\"About Me Hi, I\u2019m Eli Irene Brager \u2013 photographer, writer, and lifelong wanderer in the quiet landscapes of the heart. Through my lens, I seek more than just images. I seek presence. I believe photography is not only about what we see, but how we see \u2014 how we meet the world with open eyes and a quiet mind. For me, photography is a way of listening. A form of mindfulness. A practice of stillness and wonder. I\u2019m also a globetrotter at heart. I love traveling and discovering new places with my camera \u2013 from quiet corners of nature to vibrant city streets. My blog reflects this love for exploring, with stories and photographs gathered along the way. Each journey deepens my appreciation for light, texture, and the way places speak if we take the time to listen. I photograph with both DSLR and iPhone, always guided by what moves me rather than by gear or trends. I created this space to share moments that speak, not shout. Images that invite you to pause. To feel. To breathe. Whether you\u2019re a fellow photographer or someone simply seeking calm in a noisy world, I hope you\u2019ll find something here that resonates. When I\u2019m not behind the camera, I write about mindful photography, run a Norwegian photo community called Se Utover, and create courses that combine creativity, presence, and personal growth. Thank you for visiting. I\u2019m so glad you\u2019re here.\",\"sameAs\":[\"http:\\\/\\\/elibragerphotography.com\",\"https:\\\/\\\/www.facebook.com\\\/EliBragerPhotography\",\"https:\\\/\\\/www.instagram.com\\\/elibrager\",\"https:\\\/\\\/www.youtube.com\\\/@bragerfoto9838\"],\"url\":\"https:\\\/\\\/elibragerphotography.com\\\/nb\\\/author\\\/elibrager\\\/\"}]}<\/script>\n<!-- \/ Yoast SEO plugin. -->","yoast_head_json":{"title":"Hagen var tom - n\u00e5 er det plantet tr\u00e6r og busker - Eli Brager Photography","robots":{"index":"index","follow":"follow","max-snippet":"max-snippet:-1","max-image-preview":"max-image-preview:large","max-video-preview":"max-video-preview:-1"},"canonical":"https:\/\/elibragerphotography.com\/nb\/hagen-var-tom-na-er-det-plantet-traer-og-busker\/","og_locale":"nb_NO","og_type":"article","og_title":"Hagen var tom - n\u00e5 er det plantet tr\u00e6r og busker - Eli Brager Photography","og_description":"Etter at vi hadde flyttet, pakket i pappesker, tatt ut av pappesker og b\u00e5ret og b\u00e5ret i en evighet, var det p\u00e5 tide \u00e5 finne ut litt om denne nye hagen v\u00e5r. Den var rimelig tom. En rohdodendron som s\u00e5 ut til \u00e5 ta kvelden, men et stort flott bjerketre, en or og en rogn....","og_url":"https:\/\/elibragerphotography.com\/nb\/hagen-var-tom-na-er-det-plantet-traer-og-busker\/","og_site_name":"Eli Brager Photography","article_publisher":"https:\/\/www.facebook.com\/EliBragerPhotography","article_author":"https:\/\/www.facebook.com\/EliBragerPhotography","article_published_time":"2013-06-01T10:08:47+00:00","article_modified_time":"2013-06-02T12:00:18+00:00","og_image":[{"url":"https:\/\/elibragerphotography.com\/wp-content\/uploads\/2013\/06\/gro_6814.jpg","type":"","width":"","height":""}],"author":"elibrager","twitter_card":"summary_large_image","twitter_misc":{"Skrevet av":"elibrager","Ansl. lesetid":"1 minutt"},"schema":{"@context":"https:\/\/schema.org","@graph":[{"@type":"Article","@id":"https:\/\/elibragerphotography.com\/hagen-var-tom-na-er-det-plantet-traer-og-busker\/#article","isPartOf":{"@id":"https:\/\/elibragerphotography.com\/hagen-var-tom-na-er-det-plantet-traer-og-busker\/"},"author":{"name":"elibrager","@id":"https:\/\/elibragerphotography.com\/#\/schema\/person\/2d49ba3051dc6c73bb511d324539efbe"},"headline":"Hagen var tom &#8211; n\u00e5 er det plantet tr\u00e6r og busker","datePublished":"2013-06-01T10:08:47+00:00","dateModified":"2013-06-02T12:00:18+00:00","mainEntityOfPage":{"@id":"https:\/\/elibragerphotography.com\/hagen-var-tom-na-er-det-plantet-traer-og-busker\/"},"wordCount":132,"commentCount":0,"publisher":{"@id":"https:\/\/elibragerphotography.com\/#\/schema\/person\/2d49ba3051dc6c73bb511d324539efbe"},"image":{"@id":"https:\/\/elibragerphotography.com\/hagen-var-tom-na-er-det-plantet-traer-og-busker\/#primaryimage"},"thumbnailUrl":"https:\/\/elibragerphotography.com\/wp-content\/uploads\/2013\/06\/gro_6814.jpg","keywords":["Hage","planting","tr\u00e6r"],"articleSection":["Hage"],"inLanguage":"nb-NO","potentialAction":[{"@type":"CommentAction","name":"Comment","target":["https:\/\/elibragerphotography.com\/hagen-var-tom-na-er-det-plantet-traer-og-busker\/#respond"]}]},{"@type":"WebPage","@id":"https:\/\/elibragerphotography.com\/hagen-var-tom-na-er-det-plantet-traer-og-busker\/","url":"https:\/\/elibragerphotography.com\/hagen-var-tom-na-er-det-plantet-traer-og-busker\/","name":"Hagen var tom - n\u00e5 er det plantet tr\u00e6r og busker - Eli Brager Photography","isPartOf":{"@id":"https:\/\/elibragerphotography.com\/#website"},"primaryImageOfPage":{"@id":"https:\/\/elibragerphotography.com\/hagen-var-tom-na-er-det-plantet-traer-og-busker\/#primaryimage"},"image":{"@id":"https:\/\/elibragerphotography.com\/hagen-var-tom-na-er-det-plantet-traer-og-busker\/#primaryimage"},"thumbnailUrl":"https:\/\/elibragerphotography.com\/wp-content\/uploads\/2013\/06\/gro_6814.jpg","datePublished":"2013-06-01T10:08:47+00:00","dateModified":"2013-06-02T12:00:18+00:00","breadcrumb":{"@id":"https:\/\/elibragerphotography.com\/hagen-var-tom-na-er-det-plantet-traer-og-busker\/#breadcrumb"},"inLanguage":"nb-NO","potentialAction":[{"@type":"ReadAction","target":["https:\/\/elibragerphotography.com\/hagen-var-tom-na-er-det-plantet-traer-og-busker\/"]}]},{"@type":"ImageObject","inLanguage":"nb-NO","@id":"https:\/\/elibragerphotography.com\/hagen-var-tom-na-er-det-plantet-traer-og-busker\/#primaryimage","url":"https:\/\/elibragerphotography.com\/wp-content\/uploads\/2013\/06\/gro_6814.jpg","contentUrl":"https:\/\/elibragerphotography.com\/wp-content\/uploads\/2013\/06\/gro_6814.jpg"},{"@type":"BreadcrumbList","@id":"https:\/\/elibragerphotography.com\/hagen-var-tom-na-er-det-plantet-traer-og-busker\/#breadcrumb","itemListElement":[{"@type":"ListItem","position":1,"name":"Home","item":"https:\/\/elibragerphotography.com\/"},{"@type":"ListItem","position":2,"name":"Hagen var tom &#8211; n\u00e5 er det plantet tr\u00e6r og busker"}]},{"@type":"WebSite","@id":"https:\/\/elibragerphotography.com\/#website","url":"https:\/\/elibragerphotography.com\/","name":"Eli Brager Photography","description":"Om fotografering, reiser og livsglede!","publisher":{"@id":"https:\/\/elibragerphotography.com\/#\/schema\/person\/2d49ba3051dc6c73bb511d324539efbe"},"potentialAction":[{"@type":"SearchAction","target":{"@type":"EntryPoint","urlTemplate":"https:\/\/elibragerphotography.com\/?s={search_term_string}"},"query-input":{"@type":"PropertyValueSpecification","valueRequired":true,"valueName":"search_term_string"}}],"inLanguage":"nb-NO"},{"@type":["Person","Organization"],"@id":"https:\/\/elibragerphotography.com\/#\/schema\/person\/2d49ba3051dc6c73bb511d324539efbe","name":"elibrager","image":{"@type":"ImageObject","inLanguage":"nb-NO","@id":"https:\/\/i0.wp.com\/elibragerphotography.com\/wp-content\/uploads\/2025\/08\/img_1334.jpeg?fit=1536%2C2048&quality=80&strip=all&ssl=1","url":"https:\/\/i0.wp.com\/elibragerphotography.com\/wp-content\/uploads\/2025\/08\/img_1334.jpeg?fit=1536%2C2048&quality=80&strip=all&ssl=1","contentUrl":"https:\/\/i0.wp.com\/elibragerphotography.com\/wp-content\/uploads\/2025\/08\/img_1334.jpeg?fit=1536%2C2048&quality=80&strip=all&ssl=1","width":1536,"height":2048,"caption":"elibrager"},"logo":{"@id":"https:\/\/i0.wp.com\/elibragerphotography.com\/wp-content\/uploads\/2025\/08\/img_1334.jpeg?fit=1536%2C2048&quality=80&strip=all&ssl=1"},"description":"About Me Hi, I\u2019m Eli Irene Brager \u2013 photographer, writer, and lifelong wanderer in the quiet landscapes of the heart. Through my lens, I seek more than just images. I seek presence. I believe photography is not only about what we see, but how we see \u2014 how we meet the world with open eyes and a quiet mind. For me, photography is a way of listening. A form of mindfulness. A practice of stillness and wonder. I\u2019m also a globetrotter at heart. I love traveling and discovering new places with my camera \u2013 from quiet corners of nature to vibrant city streets. My blog reflects this love for exploring, with stories and photographs gathered along the way. Each journey deepens my appreciation for light, texture, and the way places speak if we take the time to listen. I photograph with both DSLR and iPhone, always guided by what moves me rather than by gear or trends. I created this space to share moments that speak, not shout. Images that invite you to pause. To feel. To breathe. Whether you\u2019re a fellow photographer or someone simply seeking calm in a noisy world, I hope you\u2019ll find something here that resonates. When I\u2019m not behind the camera, I write about mindful photography, run a Norwegian photo community called Se Utover, and create courses that combine creativity, presence, and personal growth. Thank you for visiting. I\u2019m so glad you\u2019re here.","sameAs":["http:\/\/elibragerphotography.com","https:\/\/www.facebook.com\/EliBragerPhotography","https:\/\/www.instagram.com\/elibrager","https:\/\/www.youtube.com\/@bragerfoto9838"],"url":"https:\/\/elibragerphotography.com\/nb\/author\/elibrager\/"}]}},"jetpack_publicize_connections":[],"jetpack_featured_media_url":"","jetpack_likes_enabled":true,"jetpack_sharing_enabled":true,"jetpack_shortlink":"https:\/\/wp.me\/p29FsT-da","_links":{"self":[{"href":"https:\/\/elibragerphotography.com\/nb\/wp-json\/wp\/v2\/posts\/816","targetHints":{"allow":["GET"]}}],"collection":[{"href":"https:\/\/elibragerphotography.com\/nb\/wp-json\/wp\/v2\/posts"}],"about":[{"href":"https:\/\/elibragerphotography.com\/nb\/wp-json\/wp\/v2\/types\/post"}],"author":[{"embeddable":true,"href":"https:\/\/elibragerphotography.com\/nb\/wp-json\/wp\/v2\/users\/8754777"}],"replies":[{"embeddable":true,"href":"https:\/\/elibragerphotography.com\/nb\/wp-json\/wp\/v2\/comments?post=816"}],"version-history":[{"count":5,"href":"https:\/\/elibragerphotography.com\/nb\/wp-json\/wp\/v2\/posts\/816\/revisions"}],"predecessor-version":[{"id":4784,"href":"https:\/\/elibragerphotography.com\/nb\/wp-json\/wp\/v2\/posts\/816\/revisions\/4784"}],"wp:attachment":[{"href":"https:\/\/elibragerphotography.com\/nb\/wp-json\/wp\/v2\/media?parent=816"}],"wp:term":[{"taxonomy":"category","embeddable":true,"href":"https:\/\/elibragerphotography.com\/nb\/wp-json\/wp\/v2\/categories?post=816"},{"taxonomy":"post_tag","embeddable":true,"href":"https:\/\/elibragerphotography.com\/nb\/wp-json\/wp\/v2\/tags?post=816"}],"curies":[{"name":"wp","href":"https:\/\/api.w.org\/{rel}","templated":true}]}}