{"id":736,"date":"2013-03-16T22:01:39","date_gmt":"2013-03-16T22:01:39","guid":{"rendered":"http:\/\/elibragerphotography.com\/?p=736"},"modified":"2013-03-16T22:23:46","modified_gmt":"2013-03-16T22:23:46","slug":"vinterlig-glimt-fra-nittedal-og-litt-livsfilosofi","status":"publish","type":"post","link":"https:\/\/elibragerphotography.com\/nb\/vinterlig-glimt-fra-nittedal-og-litt-livsfilosofi\/","title":{"rendered":"Vinterlig glimt fra Nittedal og litt livsfilosofi"},"content":{"rendered":"<p>I mellom visninger av hus, rydding, pakking, vasking og alt som skal gj\u00f8res for \u00e5 overlate et godt sted til noen andre, tok jeg meg litt fri i dag. Jeg fartet oppover til Hagan i Nittedal for \u00e5 bli litt bedre kjent der jeg forh\u00e5pentligvis skal tilbringe noen gode \u00e5r fremover.<\/p>\n<p>Aller f\u00f8rst gikk jeg meg en tur ved Ulverud skole, s\u00e5 beveget jeg meg nedover mot Nittedal golfbane som n\u00e5 var full av sn\u00f8. Her l\u00e5 det et gammelt sjarmerende hus p\u00e5 veien. Det m\u00e5tte foreviges. S\u00e5 fulgte jeg en sti langs et jorde og tok noen landskapsbilder. Da jeg kom tilbake til bilen, kj\u00f8rte jeg f\u00f8rst opp til stedet vi skal flytte til, det ligger fint til. Etterp\u00e5 tok jeg en tur til Nittedal kirke. En gammel tre kirke som kanskje hadde trengt litt oppussing. Jeg gikk litt rundt p\u00e5 kirkeg\u00e5rden og filosoferte, da fikk jeg \u00f8ye p\u00e5 en liten engel. Engelen var vakker uthogd i stein, og hun holdt livet i sin h\u00e5nd.<\/p>\n<p>Jeg blir fort filosofisk p\u00e5 slike steder, og jeg tenker at det er viktig \u00e5 gripe dagen mens vi har den. Leve mens vi kan, jobbe mens vi kan, le mens vi kan, v\u00e6re tilstede i \u00f8yeblikket mens vi kan, for en dag kan vi ikke det mer. Hva da? Hvis livet ditt var levd, er det noe du hadde angret p\u00e5? Er det noe du burde gjort annerledes? Livet er merkelig i grunn, vi f\u00f8des, vi d\u00f8r, og mellom f\u00f8dsel og d\u00f8d er det mange valg. Mange bestemmelser, noen er gode valg, noen er d\u00e5rlige. N\u00e5r vi tar et valg m\u00e5 vi st\u00e5 ved det og s\u00e5 m\u00e5 vi tro at det er et godt valg det vi har tatt. Skulle det motsatte vise seg, s\u00e5 m\u00e5 vi ta et nytt valg og s\u00e5 et nytt igjen, livet best\u00e5r av valg, og livet best\u00e5r av endringer noen endringer er gode, forlokkende deilige, andre endringer bunner ut i sorg og savn. De valgene jeg gj\u00f8r p\u00e5virker ikke bare meg, de p\u00e5virker alle som er rundt meg. Jeg har tatt noen valg de siste tre \u00e5rene som har p\u00e5virket de menneskene som har st\u00e5tt meg aller n\u00e6rmest i livet, det siste n\u00e5 er \u00e5 selge barndomshjemmet mitt, og mine barns barndomshjem, og min mors hjemsted. Det er mange komplekse grunner til at jeg har g\u00e5tt til det valget, men valget f\u00f8les veldig riktig. Samtidig er det s\u00e5rt og rart. \u00a0Jeg har valgt \u00e5 leve mitt liv. S\u00e5 n\u00e5 flytter jeg til Skytta i Nittedal sammen med ny kj\u00e6reste, hund, katt og tilsammen fire barn (fra 10 til 19 \u00e5r). Skil\u00f8ypa g\u00e5r nesten rett utenfor d\u00f8ra, Lillomarka som n\u00e6rmeste nabo, herlige tur omr\u00e5der, s\u00e5 da blir nok ikke naturfotografiet lagt p\u00e5 hylla. Jeg gleder meg til dette nye, og s\u00e5 g\u00e5r det mot v\u00e5r, om ikke lenge kommer trekkfuglene tilbake. Det blir fint. Her er noen bilder fra dagens tur.<\/p>\n<figure id=\"attachment_737\" aria-describedby=\"caption-attachment-737\" style=\"width: 600px\" class=\"wp-caption aligncenter\"><a href=\"https:\/\/i0.wp.com\/elibragerphotography.com\/wp-content\/uploads\/2013\/03\/gro_4807.jpg?ssl=1\"><img data-recalc-dims=\"1\" loading=\"lazy\" decoding=\"async\" data-attachment-id=\"737\" data-permalink=\"https:\/\/elibragerphotography.com\/nb\/vinterlig-glimt-fra-nittedal-og-litt-livsfilosofi\/gro_4807\/\" data-orig-file=\"https:\/\/i0.wp.com\/elibragerphotography.com\/wp-content\/uploads\/2013\/03\/gro_4807.jpg?fit=711%2C1000&amp;ssl=1\" data-orig-size=\"711,1000\" data-comments-opened=\"1\" data-image-meta=\"{&quot;aperture&quot;:&quot;10&quot;,&quot;credit&quot;:&quot;&quot;,&quot;camera&quot;:&quot;NIKON D300&quot;,&quot;caption&quot;:&quot;&quot;,&quot;created_timestamp&quot;:&quot;1363444651&quot;,&quot;copyright&quot;:&quot;&quot;,&quot;focal_length&quot;:&quot;112&quot;,&quot;iso&quot;:&quot;200&quot;,&quot;shutter_speed&quot;:&quot;0.0025&quot;,&quot;title&quot;:&quot;&quot;}\" data-image-title=\"GRO_4807\" data-image-description=\"\" data-image-caption=\"&lt;p&gt;Glimt fra Nittedal&lt;\/p&gt;\" data-large-file=\"https:\/\/i0.wp.com\/elibragerphotography.com\/wp-content\/uploads\/2013\/03\/gro_4807.jpg?fit=711%2C1000&amp;ssl=1\" class=\"size-full wp-image-737\" alt=\"Glimt fra Nittedal\" src=\"https:\/\/i0.wp.com\/elibragerphotography.com\/wp-content\/uploads\/2013\/03\/gro_4807.jpg?resize=600%2C843&#038;ssl=1\" width=\"600\" height=\"843\" \/><\/a><figcaption id=\"caption-attachment-737\" class=\"wp-caption-text\">Glimt fra Nittedal<\/figcaption><\/figure>\n<figure id=\"attachment_738\" aria-describedby=\"caption-attachment-738\" style=\"width: 600px\" class=\"wp-caption aligncenter\"><a href=\"https:\/\/i0.wp.com\/elibragerphotography.com\/wp-content\/uploads\/2013\/03\/gro_4809.jpg?ssl=1\"><img data-recalc-dims=\"1\" loading=\"lazy\" decoding=\"async\" data-attachment-id=\"738\" data-permalink=\"https:\/\/elibragerphotography.com\/nb\/vinterlig-glimt-fra-nittedal-og-litt-livsfilosofi\/gro_4809\/\" data-orig-file=\"https:\/\/i0.wp.com\/elibragerphotography.com\/wp-content\/uploads\/2013\/03\/gro_4809.jpg?fit=1000%2C406&amp;ssl=1\" data-orig-size=\"1000,406\" data-comments-opened=\"1\" data-image-meta=\"{&quot;aperture&quot;:&quot;9&quot;,&quot;credit&quot;:&quot;&quot;,&quot;camera&quot;:&quot;NIKON D300&quot;,&quot;caption&quot;:&quot;&quot;,&quot;created_timestamp&quot;:&quot;1363445521&quot;,&quot;copyright&quot;:&quot;&quot;,&quot;focal_length&quot;:&quot;80&quot;,&quot;iso&quot;:&quot;200&quot;,&quot;shutter_speed&quot;:&quot;0.003125&quot;,&quot;title&quot;:&quot;&quot;}\" data-image-title=\"GRO_4809\" data-image-description=\"\" data-image-caption=\"\" data-large-file=\"https:\/\/i0.wp.com\/elibragerphotography.com\/wp-content\/uploads\/2013\/03\/gro_4809.jpg?fit=1000%2C406&amp;ssl=1\" class=\"size-full wp-image-738\" alt=\"GRO_4809\" src=\"https:\/\/i0.wp.com\/elibragerphotography.com\/wp-content\/uploads\/2013\/03\/gro_4809.jpg?resize=600%2C243&#038;ssl=1\" width=\"600\" height=\"243\" \/><\/a><figcaption id=\"caption-attachment-738\" class=\"wp-caption-text\">Glimt fra Nittedal<\/figcaption><\/figure>\n<figure id=\"attachment_739\" aria-describedby=\"caption-attachment-739\" style=\"width: 600px\" class=\"wp-caption aligncenter\"><a href=\"https:\/\/i0.wp.com\/elibragerphotography.com\/wp-content\/uploads\/2013\/03\/gro_4811.jpg?ssl=1\"><img data-recalc-dims=\"1\" loading=\"lazy\" decoding=\"async\" data-attachment-id=\"739\" data-permalink=\"https:\/\/elibragerphotography.com\/nb\/vinterlig-glimt-fra-nittedal-og-litt-livsfilosofi\/gro_4811\/\" data-orig-file=\"https:\/\/i0.wp.com\/elibragerphotography.com\/wp-content\/uploads\/2013\/03\/gro_4811.jpg?fit=1000%2C1000&amp;ssl=1\" data-orig-size=\"1000,1000\" data-comments-opened=\"1\" data-image-meta=\"{&quot;aperture&quot;:&quot;11&quot;,&quot;credit&quot;:&quot;&quot;,&quot;camera&quot;:&quot;NIKON D300&quot;,&quot;caption&quot;:&quot;&quot;,&quot;created_timestamp&quot;:&quot;1363445557&quot;,&quot;copyright&quot;:&quot;&quot;,&quot;focal_length&quot;:&quot;52&quot;,&quot;iso&quot;:&quot;200&quot;,&quot;shutter_speed&quot;:&quot;0.002&quot;,&quot;title&quot;:&quot;&quot;}\" data-image-title=\"GRO_4811\" data-image-description=\"\" data-image-caption=\"\" data-large-file=\"https:\/\/i0.wp.com\/elibragerphotography.com\/wp-content\/uploads\/2013\/03\/gro_4811.jpg?fit=1000%2C1000&amp;ssl=1\" class=\"size-full wp-image-739\" alt=\"GRO_4811\" src=\"https:\/\/i0.wp.com\/elibragerphotography.com\/wp-content\/uploads\/2013\/03\/gro_4811.jpg?resize=600%2C600&#038;ssl=1\" width=\"600\" height=\"600\" \/><\/a><figcaption id=\"caption-attachment-739\" class=\"wp-caption-text\">Glimt fra Nittedal<\/figcaption><\/figure>\n<figure id=\"attachment_740\" aria-describedby=\"caption-attachment-740\" style=\"width: 600px\" class=\"wp-caption aligncenter\"><a href=\"https:\/\/i0.wp.com\/elibragerphotography.com\/wp-content\/uploads\/2013\/03\/gro_4829.jpg?ssl=1\"><img data-recalc-dims=\"1\" loading=\"lazy\" decoding=\"async\" data-attachment-id=\"740\" data-permalink=\"https:\/\/elibragerphotography.com\/nb\/vinterlig-glimt-fra-nittedal-og-litt-livsfilosofi\/gro_4829\/\" data-orig-file=\"https:\/\/i0.wp.com\/elibragerphotography.com\/wp-content\/uploads\/2013\/03\/gro_4829.jpg?fit=1000%2C664&amp;ssl=1\" data-orig-size=\"1000,664\" data-comments-opened=\"1\" data-image-meta=\"{&quot;aperture&quot;:&quot;11&quot;,&quot;credit&quot;:&quot;&quot;,&quot;camera&quot;:&quot;NIKON D300&quot;,&quot;caption&quot;:&quot;&quot;,&quot;created_timestamp&quot;:&quot;1363452485&quot;,&quot;copyright&quot;:&quot;&quot;,&quot;focal_length&quot;:&quot;18&quot;,&quot;iso&quot;:&quot;200&quot;,&quot;shutter_speed&quot;:&quot;0.000625&quot;,&quot;title&quot;:&quot;&quot;}\" data-image-title=\"GRO_4829\" data-image-description=\"\" data-image-caption=\"\" data-large-file=\"https:\/\/i0.wp.com\/elibragerphotography.com\/wp-content\/uploads\/2013\/03\/gro_4829.jpg?fit=1000%2C664&amp;ssl=1\" class=\"size-full wp-image-740\" alt=\"GRO_4829\" src=\"https:\/\/i0.wp.com\/elibragerphotography.com\/wp-content\/uploads\/2013\/03\/gro_4829.jpg?resize=600%2C398&#038;ssl=1\" width=\"600\" height=\"398\" \/><\/a><figcaption id=\"caption-attachment-740\" class=\"wp-caption-text\">Nittedal kirke<\/figcaption><\/figure>\n<figure id=\"attachment_741\" aria-describedby=\"caption-attachment-741\" style=\"width: 600px\" class=\"wp-caption aligncenter\"><a href=\"https:\/\/i0.wp.com\/elibragerphotography.com\/wp-content\/uploads\/2013\/03\/gro_4840.jpg?ssl=1\"><img data-recalc-dims=\"1\" loading=\"lazy\" decoding=\"async\" data-attachment-id=\"741\" data-permalink=\"https:\/\/elibragerphotography.com\/nb\/vinterlig-glimt-fra-nittedal-og-litt-livsfilosofi\/gro_4840\/\" data-orig-file=\"https:\/\/i0.wp.com\/elibragerphotography.com\/wp-content\/uploads\/2013\/03\/gro_4840.jpg?fit=1000%2C664&amp;ssl=1\" data-orig-size=\"1000,664\" data-comments-opened=\"1\" data-image-meta=\"{&quot;aperture&quot;:&quot;11&quot;,&quot;credit&quot;:&quot;&quot;,&quot;camera&quot;:&quot;NIKON D300&quot;,&quot;caption&quot;:&quot;&quot;,&quot;created_timestamp&quot;:&quot;1363452800&quot;,&quot;copyright&quot;:&quot;&quot;,&quot;focal_length&quot;:&quot;18&quot;,&quot;iso&quot;:&quot;200&quot;,&quot;shutter_speed&quot;:&quot;0.0015625&quot;,&quot;title&quot;:&quot;&quot;}\" data-image-title=\"GRO_4840\" data-image-description=\"\" data-image-caption=\"\" data-large-file=\"https:\/\/i0.wp.com\/elibragerphotography.com\/wp-content\/uploads\/2013\/03\/gro_4840.jpg?fit=1000%2C664&amp;ssl=1\" class=\"size-full wp-image-741\" alt=\"GRO_4840\" src=\"https:\/\/i0.wp.com\/elibragerphotography.com\/wp-content\/uploads\/2013\/03\/gro_4840.jpg?resize=600%2C398&#038;ssl=1\" width=\"600\" height=\"398\" \/><\/a><figcaption id=\"caption-attachment-741\" class=\"wp-caption-text\">Nittedal kirke<\/figcaption><\/figure>\n<figure id=\"attachment_742\" aria-describedby=\"caption-attachment-742\" style=\"width: 556px\" class=\"wp-caption aligncenter\"><a href=\"https:\/\/i0.wp.com\/elibragerphotography.com\/wp-content\/uploads\/2013\/03\/gro_4844.jpg?ssl=1\"><img data-recalc-dims=\"1\" loading=\"lazy\" decoding=\"async\" data-attachment-id=\"742\" data-permalink=\"https:\/\/elibragerphotography.com\/nb\/vinterlig-glimt-fra-nittedal-og-litt-livsfilosofi\/gro_4844\/\" data-orig-file=\"https:\/\/i0.wp.com\/elibragerphotography.com\/wp-content\/uploads\/2013\/03\/gro_4844.jpg?fit=556%2C1000&amp;ssl=1\" data-orig-size=\"556,1000\" data-comments-opened=\"1\" data-image-meta=\"{&quot;aperture&quot;:&quot;5.3&quot;,&quot;credit&quot;:&quot;&quot;,&quot;camera&quot;:&quot;NIKON D300&quot;,&quot;caption&quot;:&quot;&quot;,&quot;created_timestamp&quot;:&quot;1363452929&quot;,&quot;copyright&quot;:&quot;&quot;,&quot;focal_length&quot;:&quot;112&quot;,&quot;iso&quot;:&quot;200&quot;,&quot;shutter_speed&quot;:&quot;0.0015625&quot;,&quot;title&quot;:&quot;&quot;}\" data-image-title=\"GRO_4844\" data-image-description=\"\" data-image-caption=\"\" data-large-file=\"https:\/\/i0.wp.com\/elibragerphotography.com\/wp-content\/uploads\/2013\/03\/gro_4844.jpg?fit=556%2C1000&amp;ssl=1\" class=\"size-full wp-image-742\" alt=\"GRO_4844\" src=\"https:\/\/i0.wp.com\/elibragerphotography.com\/wp-content\/uploads\/2013\/03\/gro_4844.jpg?resize=556%2C1000&#038;ssl=1\" width=\"556\" height=\"1000\" \/><\/a><figcaption id=\"caption-attachment-742\" class=\"wp-caption-text\">Engelen<\/figcaption><\/figure>\n<figure id=\"attachment_743\" aria-describedby=\"caption-attachment-743\" style=\"width: 600px\" class=\"wp-caption aligncenter\"><a href=\"https:\/\/i0.wp.com\/elibragerphotography.com\/wp-content\/uploads\/2013\/03\/gro_4854.jpg?ssl=1\"><img data-recalc-dims=\"1\" loading=\"lazy\" decoding=\"async\" data-attachment-id=\"743\" data-permalink=\"https:\/\/elibragerphotography.com\/nb\/vinterlig-glimt-fra-nittedal-og-litt-livsfilosofi\/gro_4854\/\" data-orig-file=\"https:\/\/i0.wp.com\/elibragerphotography.com\/wp-content\/uploads\/2013\/03\/gro_4854.jpg?fit=1000%2C680&amp;ssl=1\" data-orig-size=\"1000,680\" data-comments-opened=\"1\" data-image-meta=\"{&quot;aperture&quot;:&quot;5&quot;,&quot;credit&quot;:&quot;&quot;,&quot;camera&quot;:&quot;NIKON D300&quot;,&quot;caption&quot;:&quot;&quot;,&quot;created_timestamp&quot;:&quot;1363453170&quot;,&quot;copyright&quot;:&quot;&quot;,&quot;focal_length&quot;:&quot;18&quot;,&quot;iso&quot;:&quot;200&quot;,&quot;shutter_speed&quot;:&quot;0.0004&quot;,&quot;title&quot;:&quot;&quot;}\" data-image-title=\"GRO_4854\" data-image-description=\"\" data-image-caption=\"\" data-large-file=\"https:\/\/i0.wp.com\/elibragerphotography.com\/wp-content\/uploads\/2013\/03\/gro_4854.jpg?fit=1000%2C680&amp;ssl=1\" class=\"size-full wp-image-743\" alt=\"GRO_4854\" src=\"https:\/\/i0.wp.com\/elibragerphotography.com\/wp-content\/uploads\/2013\/03\/gro_4854.jpg?resize=600%2C408&#038;ssl=1\" width=\"600\" height=\"408\" \/><\/a><figcaption id=\"caption-attachment-743\" class=\"wp-caption-text\">Utsikt fra Nittedal kirke mot Skytta og R\u00f8verkollen<\/figcaption><\/figure>\n<figure id=\"attachment_744\" aria-describedby=\"caption-attachment-744\" style=\"width: 600px\" class=\"wp-caption aligncenter\"><a href=\"https:\/\/i0.wp.com\/elibragerphotography.com\/wp-content\/uploads\/2013\/03\/gro_4855.jpg?ssl=1\"><img data-recalc-dims=\"1\" loading=\"lazy\" decoding=\"async\" data-attachment-id=\"744\" data-permalink=\"https:\/\/elibragerphotography.com\/nb\/vinterlig-glimt-fra-nittedal-og-litt-livsfilosofi\/gro_4855\/\" data-orig-file=\"https:\/\/i0.wp.com\/elibragerphotography.com\/wp-content\/uploads\/2013\/03\/gro_4855.jpg?fit=1000%2C664&amp;ssl=1\" data-orig-size=\"1000,664\" data-comments-opened=\"1\" data-image-meta=\"{&quot;aperture&quot;:&quot;5&quot;,&quot;credit&quot;:&quot;&quot;,&quot;camera&quot;:&quot;NIKON D300&quot;,&quot;caption&quot;:&quot;&quot;,&quot;created_timestamp&quot;:&quot;1363453188&quot;,&quot;copyright&quot;:&quot;&quot;,&quot;focal_length&quot;:&quot;18&quot;,&quot;iso&quot;:&quot;200&quot;,&quot;shutter_speed&quot;:&quot;0.0004&quot;,&quot;title&quot;:&quot;&quot;}\" data-image-title=\"GRO_4855\" data-image-description=\"\" data-image-caption=\"\" data-large-file=\"https:\/\/i0.wp.com\/elibragerphotography.com\/wp-content\/uploads\/2013\/03\/gro_4855.jpg?fit=1000%2C664&amp;ssl=1\" class=\"size-full wp-image-744\" alt=\"GRO_4855\" src=\"https:\/\/i0.wp.com\/elibragerphotography.com\/wp-content\/uploads\/2013\/03\/gro_4855.jpg?resize=600%2C398&#038;ssl=1\" width=\"600\" height=\"398\" \/><\/a><figcaption id=\"caption-attachment-744\" class=\"wp-caption-text\">Utsikt fra Nittedal kirke<\/figcaption><\/figure>\n<figure id=\"attachment_745\" aria-describedby=\"caption-attachment-745\" style=\"width: 600px\" class=\"wp-caption aligncenter\"><a href=\"https:\/\/i0.wp.com\/elibragerphotography.com\/wp-content\/uploads\/2013\/03\/gro_4864.jpg?ssl=1\"><img data-recalc-dims=\"1\" loading=\"lazy\" decoding=\"async\" data-attachment-id=\"745\" data-permalink=\"https:\/\/elibragerphotography.com\/nb\/vinterlig-glimt-fra-nittedal-og-litt-livsfilosofi\/gro_4864\/\" data-orig-file=\"https:\/\/i0.wp.com\/elibragerphotography.com\/wp-content\/uploads\/2013\/03\/gro_4864.jpg?fit=1000%2C860&amp;ssl=1\" data-orig-size=\"1000,860\" data-comments-opened=\"1\" data-image-meta=\"{&quot;aperture&quot;:&quot;16&quot;,&quot;credit&quot;:&quot;&quot;,&quot;camera&quot;:&quot;NIKON D300&quot;,&quot;caption&quot;:&quot;&quot;,&quot;created_timestamp&quot;:&quot;1363453589&quot;,&quot;copyright&quot;:&quot;&quot;,&quot;focal_length&quot;:&quot;18&quot;,&quot;iso&quot;:&quot;200&quot;,&quot;shutter_speed&quot;:&quot;0.00625&quot;,&quot;title&quot;:&quot;&quot;}\" data-image-title=\"GRO_4864\" data-image-description=\"\" data-image-caption=\"\" data-large-file=\"https:\/\/i0.wp.com\/elibragerphotography.com\/wp-content\/uploads\/2013\/03\/gro_4864.jpg?fit=1000%2C860&amp;ssl=1\" class=\"size-full wp-image-745\" alt=\"GRO_4864\" src=\"https:\/\/i0.wp.com\/elibragerphotography.com\/wp-content\/uploads\/2013\/03\/gro_4864.jpg?resize=600%2C516&#038;ssl=1\" width=\"600\" height=\"516\" \/><\/a><figcaption id=\"caption-attachment-745\" class=\"wp-caption-text\">Nittedal kirke<\/figcaption><\/figure>\n<figure id=\"attachment_746\" aria-describedby=\"caption-attachment-746\" style=\"width: 600px\" class=\"wp-caption aligncenter\"><a href=\"https:\/\/i0.wp.com\/elibragerphotography.com\/wp-content\/uploads\/2013\/03\/gro_4867.jpg?ssl=1\"><img data-recalc-dims=\"1\" loading=\"lazy\" decoding=\"async\" data-attachment-id=\"746\" data-permalink=\"https:\/\/elibragerphotography.com\/nb\/vinterlig-glimt-fra-nittedal-og-litt-livsfilosofi\/gro_4867\/\" data-orig-file=\"https:\/\/i0.wp.com\/elibragerphotography.com\/wp-content\/uploads\/2013\/03\/gro_4867.jpg?fit=1000%2C664&amp;ssl=1\" data-orig-size=\"1000,664\" data-comments-opened=\"1\" data-image-meta=\"{&quot;aperture&quot;:&quot;16&quot;,&quot;credit&quot;:&quot;&quot;,&quot;camera&quot;:&quot;NIKON D300&quot;,&quot;caption&quot;:&quot;&quot;,&quot;created_timestamp&quot;:&quot;1363454584&quot;,&quot;copyright&quot;:&quot;&quot;,&quot;focal_length&quot;:&quot;55&quot;,&quot;iso&quot;:&quot;200&quot;,&quot;shutter_speed&quot;:&quot;0.01&quot;,&quot;title&quot;:&quot;&quot;}\" data-image-title=\"GRO_4867\" data-image-description=\"\" data-image-caption=\"\" data-large-file=\"https:\/\/i0.wp.com\/elibragerphotography.com\/wp-content\/uploads\/2013\/03\/gro_4867.jpg?fit=1000%2C664&amp;ssl=1\" class=\"size-full wp-image-746\" alt=\"GRO_4867\" src=\"https:\/\/i0.wp.com\/elibragerphotography.com\/wp-content\/uploads\/2013\/03\/gro_4867.jpg?resize=600%2C398&#038;ssl=1\" width=\"600\" height=\"398\" \/><\/a><figcaption id=\"caption-attachment-746\" class=\"wp-caption-text\">Langrennsl\u00f8ype innover dalen<\/figcaption><\/figure>\n<p style=\"text-align:center\">","protected":false},"excerpt":{"rendered":"<p>I mellom visninger av hus, rydding, pakking, vasking og alt som skal gj\u00f8res for \u00e5 overlate et godt sted til noen andre, tok jeg meg litt fri i dag. Jeg fartet oppover til Hagan i Nittedal for \u00e5 bli litt bedre kjent der jeg forh\u00e5pentligvis skal tilbringe noen gode \u00e5r fremover. Aller f\u00f8rst gikk jeg&#8230;<\/p>","protected":false},"author":8754777,"featured_media":0,"comment_status":"open","ping_status":"open","sticky":false,"template":"","format":"standard","meta":{"_coblocks_attr":"","_coblocks_dimensions":"","_coblocks_responsive_height":"","_coblocks_accordion_ie_support":"","_kad_post_transparent":"","_kad_post_title":"","_kad_post_layout":"","_kad_post_sidebar_id":"","_kad_post_content_style":"","_kad_post_vertical_padding":"","_kad_post_feature":"","_kad_post_feature_position":"","_kad_post_header":false,"_kad_post_footer":false,"_kad_post_classname":"","_jetpack_newsletter_access":"","_jetpack_dont_email_post_to_subs":false,"_jetpack_newsletter_tier_id":0,"_jetpack_memberships_contains_paywalled_content":false,"_jetpack_memberships_contains_paid_content":false,"footnotes":"","jetpack_publicize_message":"","jetpack_publicize_feature_enabled":true,"jetpack_social_post_already_shared":false,"jetpack_social_options":{"image_generator_settings":{"template":"highway","default_image_id":0,"font":"","enabled":false},"version":2},"_wpas_customize_per_network":false,"jetpack_post_was_ever_published":false},"categories":[155290643],"tags":[21744,145474,783523264,3937,6302294,448050,41214,783523266],"class_list":["post-736","post","type-post","status-publish","format-standard","hentry","category-glimt-fra-nittedal","tag-filosofi","tag-kirke","tag-landskap","tag-livet","tag-nittedal","tag-sne","tag-tanker","tag-vinter"],"yoast_head":"<!-- This site is optimized with the Yoast SEO plugin v27.4 - https:\/\/yoast.com\/product\/yoast-seo-wordpress\/ -->\n<title>Vinterlig glimt fra Nittedal og litt livsfilosofi - Eli Brager Photography<\/title>\n<meta name=\"robots\" content=\"index, follow, max-snippet:-1, max-image-preview:large, max-video-preview:-1\" \/>\n<link rel=\"canonical\" href=\"https:\/\/elibragerphotography.com\/nb\/vinterlig-glimt-fra-nittedal-og-litt-livsfilosofi\/\" \/>\n<meta property=\"og:locale\" content=\"nb_NO\" \/>\n<meta property=\"og:type\" content=\"article\" \/>\n<meta property=\"og:title\" content=\"Vinterlig glimt fra Nittedal og litt livsfilosofi - Eli Brager Photography\" \/>\n<meta property=\"og:description\" content=\"I mellom visninger av hus, rydding, pakking, vasking og alt som skal gj\u00f8res for \u00e5 overlate et godt sted til noen andre, tok jeg meg litt fri i dag. Jeg fartet oppover til Hagan i Nittedal for \u00e5 bli litt bedre kjent der jeg forh\u00e5pentligvis skal tilbringe noen gode \u00e5r fremover. Aller f\u00f8rst gikk jeg...\" \/>\n<meta property=\"og:url\" content=\"https:\/\/elibragerphotography.com\/nb\/vinterlig-glimt-fra-nittedal-og-litt-livsfilosofi\/\" \/>\n<meta property=\"og:site_name\" content=\"Eli Brager Photography\" \/>\n<meta property=\"article:publisher\" content=\"https:\/\/www.facebook.com\/EliBragerPhotography\" \/>\n<meta property=\"article:author\" content=\"https:\/\/www.facebook.com\/EliBragerPhotography\" \/>\n<meta property=\"article:published_time\" content=\"2013-03-16T22:01:39+00:00\" \/>\n<meta property=\"article:modified_time\" content=\"2013-03-16T22:23:46+00:00\" \/>\n<meta property=\"og:image\" content=\"https:\/\/elibragerphotography.com\/wp-content\/uploads\/2013\/03\/gro_4807.jpg\" \/>\n<meta name=\"author\" content=\"elibrager\" \/>\n<meta name=\"twitter:card\" content=\"summary_large_image\" \/>\n<meta name=\"twitter:label1\" content=\"Skrevet av\" \/>\n\t<meta name=\"twitter:data1\" content=\"elibrager\" \/>\n\t<meta name=\"twitter:label2\" content=\"Ansl. lesetid\" \/>\n\t<meta name=\"twitter:data2\" content=\"3 minutter\" \/>\n<script type=\"application\/ld+json\" class=\"yoast-schema-graph\">{\"@context\":\"https:\\\/\\\/schema.org\",\"@graph\":[{\"@type\":\"Article\",\"@id\":\"https:\\\/\\\/elibragerphotography.com\\\/vinterlig-glimt-fra-nittedal-og-litt-livsfilosofi\\\/#article\",\"isPartOf\":{\"@id\":\"https:\\\/\\\/elibragerphotography.com\\\/vinterlig-glimt-fra-nittedal-og-litt-livsfilosofi\\\/\"},\"author\":{\"name\":\"elibrager\",\"@id\":\"https:\\\/\\\/elibragerphotography.com\\\/#\\\/schema\\\/person\\\/2d49ba3051dc6c73bb511d324539efbe\"},\"headline\":\"Vinterlig glimt fra Nittedal og litt livsfilosofi\",\"datePublished\":\"2013-03-16T22:01:39+00:00\",\"dateModified\":\"2013-03-16T22:23:46+00:00\",\"mainEntityOfPage\":{\"@id\":\"https:\\\/\\\/elibragerphotography.com\\\/vinterlig-glimt-fra-nittedal-og-litt-livsfilosofi\\\/\"},\"wordCount\":621,\"commentCount\":0,\"publisher\":{\"@id\":\"https:\\\/\\\/elibragerphotography.com\\\/#\\\/schema\\\/person\\\/2d49ba3051dc6c73bb511d324539efbe\"},\"image\":{\"@id\":\"https:\\\/\\\/elibragerphotography.com\\\/vinterlig-glimt-fra-nittedal-og-litt-livsfilosofi\\\/#primaryimage\"},\"thumbnailUrl\":\"https:\\\/\\\/elibragerphotography.com\\\/wp-content\\\/uploads\\\/2013\\\/03\\\/gro_4807.jpg\",\"keywords\":[\"filosofi\",\"kirke\",\"Landskap\",\"livet\",\"Nittedal\",\"sne\",\"tanker\",\"Vinter\"],\"articleSection\":[\"Glimt fra Nittedal\"],\"inLanguage\":\"nb-NO\",\"potentialAction\":[{\"@type\":\"CommentAction\",\"name\":\"Comment\",\"target\":[\"https:\\\/\\\/elibragerphotography.com\\\/vinterlig-glimt-fra-nittedal-og-litt-livsfilosofi\\\/#respond\"]}]},{\"@type\":\"WebPage\",\"@id\":\"https:\\\/\\\/elibragerphotography.com\\\/vinterlig-glimt-fra-nittedal-og-litt-livsfilosofi\\\/\",\"url\":\"https:\\\/\\\/elibragerphotography.com\\\/vinterlig-glimt-fra-nittedal-og-litt-livsfilosofi\\\/\",\"name\":\"Vinterlig glimt fra Nittedal og litt livsfilosofi - Eli Brager Photography\",\"isPartOf\":{\"@id\":\"https:\\\/\\\/elibragerphotography.com\\\/#website\"},\"primaryImageOfPage\":{\"@id\":\"https:\\\/\\\/elibragerphotography.com\\\/vinterlig-glimt-fra-nittedal-og-litt-livsfilosofi\\\/#primaryimage\"},\"image\":{\"@id\":\"https:\\\/\\\/elibragerphotography.com\\\/vinterlig-glimt-fra-nittedal-og-litt-livsfilosofi\\\/#primaryimage\"},\"thumbnailUrl\":\"https:\\\/\\\/elibragerphotography.com\\\/wp-content\\\/uploads\\\/2013\\\/03\\\/gro_4807.jpg\",\"datePublished\":\"2013-03-16T22:01:39+00:00\",\"dateModified\":\"2013-03-16T22:23:46+00:00\",\"breadcrumb\":{\"@id\":\"https:\\\/\\\/elibragerphotography.com\\\/vinterlig-glimt-fra-nittedal-og-litt-livsfilosofi\\\/#breadcrumb\"},\"inLanguage\":\"nb-NO\",\"potentialAction\":[{\"@type\":\"ReadAction\",\"target\":[\"https:\\\/\\\/elibragerphotography.com\\\/vinterlig-glimt-fra-nittedal-og-litt-livsfilosofi\\\/\"]}]},{\"@type\":\"ImageObject\",\"inLanguage\":\"nb-NO\",\"@id\":\"https:\\\/\\\/elibragerphotography.com\\\/vinterlig-glimt-fra-nittedal-og-litt-livsfilosofi\\\/#primaryimage\",\"url\":\"https:\\\/\\\/elibragerphotography.com\\\/wp-content\\\/uploads\\\/2013\\\/03\\\/gro_4807.jpg\",\"contentUrl\":\"https:\\\/\\\/elibragerphotography.com\\\/wp-content\\\/uploads\\\/2013\\\/03\\\/gro_4807.jpg\"},{\"@type\":\"BreadcrumbList\",\"@id\":\"https:\\\/\\\/elibragerphotography.com\\\/vinterlig-glimt-fra-nittedal-og-litt-livsfilosofi\\\/#breadcrumb\",\"itemListElement\":[{\"@type\":\"ListItem\",\"position\":1,\"name\":\"Home\",\"item\":\"https:\\\/\\\/elibragerphotography.com\\\/\"},{\"@type\":\"ListItem\",\"position\":2,\"name\":\"Vinterlig glimt fra Nittedal og litt livsfilosofi\"}]},{\"@type\":\"WebSite\",\"@id\":\"https:\\\/\\\/elibragerphotography.com\\\/#website\",\"url\":\"https:\\\/\\\/elibragerphotography.com\\\/\",\"name\":\"Eli Brager Photography\",\"description\":\"About Photography, Travelling and joy of life!\",\"publisher\":{\"@id\":\"https:\\\/\\\/elibragerphotography.com\\\/#\\\/schema\\\/person\\\/2d49ba3051dc6c73bb511d324539efbe\"},\"potentialAction\":[{\"@type\":\"SearchAction\",\"target\":{\"@type\":\"EntryPoint\",\"urlTemplate\":\"https:\\\/\\\/elibragerphotography.com\\\/?s={search_term_string}\"},\"query-input\":{\"@type\":\"PropertyValueSpecification\",\"valueRequired\":true,\"valueName\":\"search_term_string\"}}],\"inLanguage\":\"nb-NO\"},{\"@type\":[\"Person\",\"Organization\"],\"@id\":\"https:\\\/\\\/elibragerphotography.com\\\/#\\\/schema\\\/person\\\/2d49ba3051dc6c73bb511d324539efbe\",\"name\":\"elibrager\",\"image\":{\"@type\":\"ImageObject\",\"inLanguage\":\"nb-NO\",\"@id\":\"https:\\\/\\\/i0.wp.com\\\/elibragerphotography.com\\\/wp-content\\\/uploads\\\/2025\\\/08\\\/img_1334.jpeg?fit=1536%2C2048&quality=80&strip=all&ssl=1\",\"url\":\"https:\\\/\\\/i0.wp.com\\\/elibragerphotography.com\\\/wp-content\\\/uploads\\\/2025\\\/08\\\/img_1334.jpeg?fit=1536%2C2048&quality=80&strip=all&ssl=1\",\"contentUrl\":\"https:\\\/\\\/i0.wp.com\\\/elibragerphotography.com\\\/wp-content\\\/uploads\\\/2025\\\/08\\\/img_1334.jpeg?fit=1536%2C2048&quality=80&strip=all&ssl=1\",\"width\":1536,\"height\":2048,\"caption\":\"elibrager\"},\"logo\":{\"@id\":\"https:\\\/\\\/i0.wp.com\\\/elibragerphotography.com\\\/wp-content\\\/uploads\\\/2025\\\/08\\\/img_1334.jpeg?fit=1536%2C2048&quality=80&strip=all&ssl=1\"},\"description\":\"About Me Hi, I\u2019m Eli Irene Brager \u2013 photographer, writer, and lifelong wanderer in the quiet landscapes of the heart. Through my lens, I seek more than just images. I seek presence. I believe photography is not only about what we see, but how we see \u2014 how we meet the world with open eyes and a quiet mind. For me, photography is a way of listening. A form of mindfulness. A practice of stillness and wonder. I\u2019m also a globetrotter at heart. I love traveling and discovering new places with my camera \u2013 from quiet corners of nature to vibrant city streets. My blog reflects this love for exploring, with stories and photographs gathered along the way. Each journey deepens my appreciation for light, texture, and the way places speak if we take the time to listen. I photograph with both DSLR and iPhone, always guided by what moves me rather than by gear or trends. I created this space to share moments that speak, not shout. Images that invite you to pause. To feel. To breathe. Whether you\u2019re a fellow photographer or someone simply seeking calm in a noisy world, I hope you\u2019ll find something here that resonates. When I\u2019m not behind the camera, I write about mindful photography, run a Norwegian photo community called Se Utover, and create courses that combine creativity, presence, and personal growth. Thank you for visiting. I\u2019m so glad you\u2019re here.\",\"sameAs\":[\"http:\\\/\\\/elibragerphotography.com\",\"https:\\\/\\\/www.facebook.com\\\/EliBragerPhotography\",\"https:\\\/\\\/www.instagram.com\\\/elibrager\",\"https:\\\/\\\/www.youtube.com\\\/@bragerfoto9838\"],\"url\":\"https:\\\/\\\/elibragerphotography.com\\\/nb\\\/author\\\/elibrager\\\/\"}]}<\/script>\n<!-- \/ Yoast SEO plugin. -->","yoast_head_json":{"title":"Vinterlig glimt fra Nittedal og litt livsfilosofi - Eli Brager Photography","robots":{"index":"index","follow":"follow","max-snippet":"max-snippet:-1","max-image-preview":"max-image-preview:large","max-video-preview":"max-video-preview:-1"},"canonical":"https:\/\/elibragerphotography.com\/nb\/vinterlig-glimt-fra-nittedal-og-litt-livsfilosofi\/","og_locale":"nb_NO","og_type":"article","og_title":"Vinterlig glimt fra Nittedal og litt livsfilosofi - Eli Brager Photography","og_description":"I mellom visninger av hus, rydding, pakking, vasking og alt som skal gj\u00f8res for \u00e5 overlate et godt sted til noen andre, tok jeg meg litt fri i dag. Jeg fartet oppover til Hagan i Nittedal for \u00e5 bli litt bedre kjent der jeg forh\u00e5pentligvis skal tilbringe noen gode \u00e5r fremover. Aller f\u00f8rst gikk jeg...","og_url":"https:\/\/elibragerphotography.com\/nb\/vinterlig-glimt-fra-nittedal-og-litt-livsfilosofi\/","og_site_name":"Eli Brager Photography","article_publisher":"https:\/\/www.facebook.com\/EliBragerPhotography","article_author":"https:\/\/www.facebook.com\/EliBragerPhotography","article_published_time":"2013-03-16T22:01:39+00:00","article_modified_time":"2013-03-16T22:23:46+00:00","og_image":[{"url":"https:\/\/elibragerphotography.com\/wp-content\/uploads\/2013\/03\/gro_4807.jpg","type":"","width":"","height":""}],"author":"elibrager","twitter_card":"summary_large_image","twitter_misc":{"Skrevet av":"elibrager","Ansl. lesetid":"3 minutter"},"schema":{"@context":"https:\/\/schema.org","@graph":[{"@type":"Article","@id":"https:\/\/elibragerphotography.com\/vinterlig-glimt-fra-nittedal-og-litt-livsfilosofi\/#article","isPartOf":{"@id":"https:\/\/elibragerphotography.com\/vinterlig-glimt-fra-nittedal-og-litt-livsfilosofi\/"},"author":{"name":"elibrager","@id":"https:\/\/elibragerphotography.com\/#\/schema\/person\/2d49ba3051dc6c73bb511d324539efbe"},"headline":"Vinterlig glimt fra Nittedal og litt livsfilosofi","datePublished":"2013-03-16T22:01:39+00:00","dateModified":"2013-03-16T22:23:46+00:00","mainEntityOfPage":{"@id":"https:\/\/elibragerphotography.com\/vinterlig-glimt-fra-nittedal-og-litt-livsfilosofi\/"},"wordCount":621,"commentCount":0,"publisher":{"@id":"https:\/\/elibragerphotography.com\/#\/schema\/person\/2d49ba3051dc6c73bb511d324539efbe"},"image":{"@id":"https:\/\/elibragerphotography.com\/vinterlig-glimt-fra-nittedal-og-litt-livsfilosofi\/#primaryimage"},"thumbnailUrl":"https:\/\/elibragerphotography.com\/wp-content\/uploads\/2013\/03\/gro_4807.jpg","keywords":["filosofi","kirke","Landskap","livet","Nittedal","sne","tanker","Vinter"],"articleSection":["Glimt fra Nittedal"],"inLanguage":"nb-NO","potentialAction":[{"@type":"CommentAction","name":"Comment","target":["https:\/\/elibragerphotography.com\/vinterlig-glimt-fra-nittedal-og-litt-livsfilosofi\/#respond"]}]},{"@type":"WebPage","@id":"https:\/\/elibragerphotography.com\/vinterlig-glimt-fra-nittedal-og-litt-livsfilosofi\/","url":"https:\/\/elibragerphotography.com\/vinterlig-glimt-fra-nittedal-og-litt-livsfilosofi\/","name":"Vinterlig glimt fra Nittedal og litt livsfilosofi - Eli Brager Photography","isPartOf":{"@id":"https:\/\/elibragerphotography.com\/#website"},"primaryImageOfPage":{"@id":"https:\/\/elibragerphotography.com\/vinterlig-glimt-fra-nittedal-og-litt-livsfilosofi\/#primaryimage"},"image":{"@id":"https:\/\/elibragerphotography.com\/vinterlig-glimt-fra-nittedal-og-litt-livsfilosofi\/#primaryimage"},"thumbnailUrl":"https:\/\/elibragerphotography.com\/wp-content\/uploads\/2013\/03\/gro_4807.jpg","datePublished":"2013-03-16T22:01:39+00:00","dateModified":"2013-03-16T22:23:46+00:00","breadcrumb":{"@id":"https:\/\/elibragerphotography.com\/vinterlig-glimt-fra-nittedal-og-litt-livsfilosofi\/#breadcrumb"},"inLanguage":"nb-NO","potentialAction":[{"@type":"ReadAction","target":["https:\/\/elibragerphotography.com\/vinterlig-glimt-fra-nittedal-og-litt-livsfilosofi\/"]}]},{"@type":"ImageObject","inLanguage":"nb-NO","@id":"https:\/\/elibragerphotography.com\/vinterlig-glimt-fra-nittedal-og-litt-livsfilosofi\/#primaryimage","url":"https:\/\/elibragerphotography.com\/wp-content\/uploads\/2013\/03\/gro_4807.jpg","contentUrl":"https:\/\/elibragerphotography.com\/wp-content\/uploads\/2013\/03\/gro_4807.jpg"},{"@type":"BreadcrumbList","@id":"https:\/\/elibragerphotography.com\/vinterlig-glimt-fra-nittedal-og-litt-livsfilosofi\/#breadcrumb","itemListElement":[{"@type":"ListItem","position":1,"name":"Home","item":"https:\/\/elibragerphotography.com\/"},{"@type":"ListItem","position":2,"name":"Vinterlig glimt fra Nittedal og litt livsfilosofi"}]},{"@type":"WebSite","@id":"https:\/\/elibragerphotography.com\/#website","url":"https:\/\/elibragerphotography.com\/","name":"Eli Brager Photography","description":"Om fotografering, reiser og livsglede!","publisher":{"@id":"https:\/\/elibragerphotography.com\/#\/schema\/person\/2d49ba3051dc6c73bb511d324539efbe"},"potentialAction":[{"@type":"SearchAction","target":{"@type":"EntryPoint","urlTemplate":"https:\/\/elibragerphotography.com\/?s={search_term_string}"},"query-input":{"@type":"PropertyValueSpecification","valueRequired":true,"valueName":"search_term_string"}}],"inLanguage":"nb-NO"},{"@type":["Person","Organization"],"@id":"https:\/\/elibragerphotography.com\/#\/schema\/person\/2d49ba3051dc6c73bb511d324539efbe","name":"elibrager","image":{"@type":"ImageObject","inLanguage":"nb-NO","@id":"https:\/\/i0.wp.com\/elibragerphotography.com\/wp-content\/uploads\/2025\/08\/img_1334.jpeg?fit=1536%2C2048&quality=80&strip=all&ssl=1","url":"https:\/\/i0.wp.com\/elibragerphotography.com\/wp-content\/uploads\/2025\/08\/img_1334.jpeg?fit=1536%2C2048&quality=80&strip=all&ssl=1","contentUrl":"https:\/\/i0.wp.com\/elibragerphotography.com\/wp-content\/uploads\/2025\/08\/img_1334.jpeg?fit=1536%2C2048&quality=80&strip=all&ssl=1","width":1536,"height":2048,"caption":"elibrager"},"logo":{"@id":"https:\/\/i0.wp.com\/elibragerphotography.com\/wp-content\/uploads\/2025\/08\/img_1334.jpeg?fit=1536%2C2048&quality=80&strip=all&ssl=1"},"description":"About Me Hi, I\u2019m Eli Irene Brager \u2013 photographer, writer, and lifelong wanderer in the quiet landscapes of the heart. Through my lens, I seek more than just images. I seek presence. I believe photography is not only about what we see, but how we see \u2014 how we meet the world with open eyes and a quiet mind. For me, photography is a way of listening. A form of mindfulness. A practice of stillness and wonder. I\u2019m also a globetrotter at heart. I love traveling and discovering new places with my camera \u2013 from quiet corners of nature to vibrant city streets. My blog reflects this love for exploring, with stories and photographs gathered along the way. Each journey deepens my appreciation for light, texture, and the way places speak if we take the time to listen. I photograph with both DSLR and iPhone, always guided by what moves me rather than by gear or trends. I created this space to share moments that speak, not shout. Images that invite you to pause. To feel. To breathe. Whether you\u2019re a fellow photographer or someone simply seeking calm in a noisy world, I hope you\u2019ll find something here that resonates. When I\u2019m not behind the camera, I write about mindful photography, run a Norwegian photo community called Se Utover, and create courses that combine creativity, presence, and personal growth. Thank you for visiting. I\u2019m so glad you\u2019re here.","sameAs":["http:\/\/elibragerphotography.com","https:\/\/www.facebook.com\/EliBragerPhotography","https:\/\/www.instagram.com\/elibrager","https:\/\/www.youtube.com\/@bragerfoto9838"],"url":"https:\/\/elibragerphotography.com\/nb\/author\/elibrager\/"}]}},"jetpack_publicize_connections":[],"jetpack_featured_media_url":"","jetpack_likes_enabled":true,"jetpack_sharing_enabled":true,"jetpack_shortlink":"https:\/\/wp.me\/p29FsT-bS","_links":{"self":[{"href":"https:\/\/elibragerphotography.com\/nb\/wp-json\/wp\/v2\/posts\/736","targetHints":{"allow":["GET"]}}],"collection":[{"href":"https:\/\/elibragerphotography.com\/nb\/wp-json\/wp\/v2\/posts"}],"about":[{"href":"https:\/\/elibragerphotography.com\/nb\/wp-json\/wp\/v2\/types\/post"}],"author":[{"embeddable":true,"href":"https:\/\/elibragerphotography.com\/nb\/wp-json\/wp\/v2\/users\/8754777"}],"replies":[{"embeddable":true,"href":"https:\/\/elibragerphotography.com\/nb\/wp-json\/wp\/v2\/comments?post=736"}],"version-history":[{"count":6,"href":"https:\/\/elibragerphotography.com\/nb\/wp-json\/wp\/v2\/posts\/736\/revisions"}],"predecessor-version":[{"id":4780,"href":"https:\/\/elibragerphotography.com\/nb\/wp-json\/wp\/v2\/posts\/736\/revisions\/4780"}],"wp:attachment":[{"href":"https:\/\/elibragerphotography.com\/nb\/wp-json\/wp\/v2\/media?parent=736"}],"wp:term":[{"taxonomy":"category","embeddable":true,"href":"https:\/\/elibragerphotography.com\/nb\/wp-json\/wp\/v2\/categories?post=736"},{"taxonomy":"post_tag","embeddable":true,"href":"https:\/\/elibragerphotography.com\/nb\/wp-json\/wp\/v2\/tags?post=736"}],"curies":[{"name":"wp","href":"https:\/\/api.w.org\/{rel}","templated":true}]}}