{"id":642,"date":"2012-10-21T19:57:50","date_gmt":"2012-10-21T19:57:50","guid":{"rendered":"http:\/\/elibragerphotography.com\/?p=642"},"modified":"2012-10-21T19:57:50","modified_gmt":"2012-10-21T19:57:50","slug":"amadeus-dyrepark-pa-stange","status":"publish","type":"post","link":"https:\/\/elibragerphotography.com\/nb\/amadeus-dyrepark-pa-stange\/","title":{"rendered":"Amadeus dyrepark p\u00e5 Stange"},"content":{"rendered":"<p>I begynnelsen av oktober, s\u00e5nn midt i h\u00f8stferien stoppet vi ved Amadeus dyrepark for \u00e5 ta en titt p\u00e5 dyrene. Det ble ingen kort titt, det ble en lang titt. Vi ble der i flere timer. Her var Amadeus apekatten, som jeg ikke lyktes \u00e5 f\u00e5 noe godt bilde av da den svingte seg fra tre til tre i et uhyrlig tempo, s\u00e5 var det sebraene, kamelene, strutsene og endene. Ja, villsvin og hjortedyr var ogs\u00e5 der. Amadeus dyrepark har lenge st\u00e5tt i fare for \u00e5 bli nedlagt, men den ble reddet av Runar N\u00e6ss ved <a href=\"http:\/\/www.animalzoolution.no\/\" target=\"_blank\">Animal zoolution AS<\/a>. Han vil gj\u00f8re parken mer nordisk, og innf\u00f8re b\u00e5de ulv, gaupe og bj\u00f8rn i parken. Dette kan du lese mer om her: <a href=\"http:\/\/www.nrk.no\/nyheter\/distrikt\/hedmark_og_oppland\/1.8302711\" target=\"_blank\">NRK-reportasje om Amadeus dyrepark<\/a><\/p>\n<p>Vi fikk en minnerik h\u00f8stdag i parken, og vi kommer gjerne igjen. Her er noen bilder fra dagen.\u00a0<a href=\"https:\/\/i0.wp.com\/elibragerphotography.com\/wp-content\/uploads\/2012\/10\/1012-94.jpg?ssl=1\"><img data-recalc-dims=\"1\" loading=\"lazy\" decoding=\"async\" data-attachment-id=\"675\" data-permalink=\"https:\/\/elibragerphotography.com\/nb\/amadeus-dyrepark-pa-stange\/1012-94\/\" data-orig-file=\"https:\/\/i0.wp.com\/elibragerphotography.com\/wp-content\/uploads\/2012\/10\/1012-94.jpg?fit=769%2C1000&amp;ssl=1\" data-orig-size=\"769,1000\" data-comments-opened=\"1\" data-image-meta=\"{&quot;aperture&quot;:&quot;5.3&quot;,&quot;credit&quot;:&quot;&quot;,&quot;camera&quot;:&quot;NIKON D300&quot;,&quot;caption&quot;:&quot;&quot;,&quot;created_timestamp&quot;:&quot;1349363150&quot;,&quot;copyright&quot;:&quot;Eli Brager&quot;,&quot;focal_length&quot;:&quot;105&quot;,&quot;iso&quot;:&quot;360&quot;,&quot;shutter_speed&quot;:&quot;0.016666666666667&quot;,&quot;title&quot;:&quot;&quot;}\" data-image-title=\"Amadeus\" data-image-description=\"\" data-image-caption=\"\" data-large-file=\"https:\/\/i0.wp.com\/elibragerphotography.com\/wp-content\/uploads\/2012\/10\/1012-94.jpg?fit=769%2C1000&amp;ssl=1\" class=\"aligncenter size-full wp-image-675\" title=\"Amadeus\" alt=\"\" src=\"https:\/\/i0.wp.com\/elibragerphotography.com\/wp-content\/uploads\/2012\/10\/1012-94.jpg?resize=600%2C780&#038;ssl=1\" height=\"780\" width=\"600\" \/><\/a><\/p>\n<div class=\"tiled-gallery type-rectangular tiled-gallery-unresized\" data-original-width=\"1290\" data-carousel-extra='{&quot;blog_id&quot;:1,&quot;permalink&quot;:&quot;https:\\\/\\\/elibragerphotography.com\\\/nb\\\/amadeus-dyrepark-pa-stange\\\/&quot;,&quot;likes_blog_id&quot;:31857019}' itemscope itemtype=\"http:\/\/schema.org\/ImageGallery\" > <div class=\"gallery-row\" style=\"width: 1290px; height: 378px;\" data-original-width=\"1290\" data-original-height=\"378\" > <div class=\"gallery-group images-1\" style=\"width: 486px; height: 378px;\" data-original-width=\"486\" data-original-height=\"378\" > <div class=\"tiled-gallery-item tiled-gallery-item-large\" itemprop=\"associatedMedia\" itemscope itemtype=\"http:\/\/schema.org\/ImageObject\"> <a href=\"https:\/\/elibragerphotography.com\/nb\/amadeus-dyrepark-pa-stange\/1012-52-2\/\" border=\"0\" itemprop=\"url\"> <meta itemprop=\"width\" content=\"482\"> <meta itemprop=\"height\" content=\"374\"> <img decoding=\"async\" class=\"\" data-attachment-id=\"670\" data-orig-file=\"https:\/\/elibragerphotography.com\/wp-content\/uploads\/2012\/10\/1012-521.jpg\" data-orig-size=\"1000,775\" data-comments-opened=\"1\" data-image-meta=\"{&quot;aperture&quot;:&quot;5&quot;,&quot;credit&quot;:&quot;&quot;,&quot;camera&quot;:&quot;NIKON D300&quot;,&quot;caption&quot;:&quot;&quot;,&quot;created_timestamp&quot;:&quot;1349361225&quot;,&quot;copyright&quot;:&quot;Eli Brager&quot;,&quot;focal_length&quot;:&quot;65&quot;,&quot;iso&quot;:&quot;280&quot;,&quot;shutter_speed&quot;:&quot;0.016666666666667&quot;,&quot;title&quot;:&quot;&quot;}\" data-image-title=\"1012-52\" data-image-description=\"\" data-medium-file=\"https:\/\/i0.wp.com\/elibragerphotography.com\/wp-content\/uploads\/2012\/10\/1012-521.jpg?fit=300%2C233&#038;ssl=1\" data-large-file=\"https:\/\/i0.wp.com\/elibragerphotography.com\/wp-content\/uploads\/2012\/10\/1012-521.jpg?fit=1000%2C775&#038;ssl=1\" src=\"https:\/\/i0.wp.com\/elibragerphotography.com\/wp-content\/uploads\/2012\/10\/1012-521.jpg?w=482&#038;h=374&#038;ssl=1\" width=\"482\" height=\"374\" loading=\"lazy\" data-original-width=\"482\" data-original-height=\"374\" itemprop=\"http:\/\/schema.org\/image\" title=\"1012-52\" alt=\"1012-52\" style=\"width: 482px; height: 374px;\" \/> <\/a> <\/div> <\/div> <!-- close group --> <div class=\"gallery-group images-1\" style=\"width: 567px; height: 378px;\" data-original-width=\"567\" data-original-height=\"378\" > <div class=\"tiled-gallery-item tiled-gallery-item-large\" itemprop=\"associatedMedia\" itemscope itemtype=\"http:\/\/schema.org\/ImageObject\"> <a href=\"https:\/\/elibragerphotography.com\/nb\/amadeus-dyrepark-pa-stange\/1012-16-2\/\" border=\"0\" itemprop=\"url\"> <meta itemprop=\"width\" content=\"563\"> <meta itemprop=\"height\" content=\"374\"> <img decoding=\"async\" class=\"\" data-attachment-id=\"662\" data-orig-file=\"https:\/\/elibragerphotography.com\/wp-content\/uploads\/2012\/10\/1012-161.jpg\" data-orig-size=\"1000,664\" data-comments-opened=\"1\" data-image-meta=\"{&quot;aperture&quot;:&quot;5.6&quot;,&quot;credit&quot;:&quot;&quot;,&quot;camera&quot;:&quot;NIKON D300&quot;,&quot;caption&quot;:&quot;&quot;,&quot;created_timestamp&quot;:&quot;1349357292&quot;,&quot;copyright&quot;:&quot;Eli Brager&quot;,&quot;focal_length&quot;:&quot;200&quot;,&quot;iso&quot;:&quot;200&quot;,&quot;shutter_speed&quot;:&quot;0.005&quot;,&quot;title&quot;:&quot;&quot;}\" data-image-title=\"1012-16\" data-image-description=\"\" data-medium-file=\"https:\/\/i0.wp.com\/elibragerphotography.com\/wp-content\/uploads\/2012\/10\/1012-161.jpg?fit=300%2C199&#038;ssl=1\" data-large-file=\"https:\/\/i0.wp.com\/elibragerphotography.com\/wp-content\/uploads\/2012\/10\/1012-161.jpg?fit=1000%2C664&#038;ssl=1\" src=\"https:\/\/i0.wp.com\/elibragerphotography.com\/wp-content\/uploads\/2012\/10\/1012-161.jpg?w=563&#038;h=374&#038;ssl=1\" width=\"563\" height=\"374\" loading=\"lazy\" data-original-width=\"563\" data-original-height=\"374\" itemprop=\"http:\/\/schema.org\/image\" title=\"1012-16\" alt=\"1012-16\" style=\"width: 563px; height: 374px;\" \/> <\/a> <\/div> <\/div> <!-- close group --> <div class=\"gallery-group images-1\" style=\"width: 237px; height: 378px;\" data-original-width=\"237\" data-original-height=\"378\" > <div class=\"tiled-gallery-item tiled-gallery-item-small\" itemprop=\"associatedMedia\" itemscope itemtype=\"http:\/\/schema.org\/ImageObject\"> <a href=\"https:\/\/elibragerphotography.com\/nb\/amadeus-dyrepark-pa-stange\/1012-41-2\/\" border=\"0\" itemprop=\"url\"> <meta itemprop=\"width\" content=\"233\"> <meta itemprop=\"height\" content=\"374\"> <img decoding=\"async\" class=\"\" data-attachment-id=\"667\" data-orig-file=\"https:\/\/elibragerphotography.com\/wp-content\/uploads\/2012\/10\/1012-411.jpg\" data-orig-size=\"625,1000\" data-comments-opened=\"1\" data-image-meta=\"{&quot;aperture&quot;:&quot;4.2&quot;,&quot;credit&quot;:&quot;&quot;,&quot;camera&quot;:&quot;NIKON D300&quot;,&quot;caption&quot;:&quot;&quot;,&quot;created_timestamp&quot;:&quot;1349360898&quot;,&quot;copyright&quot;:&quot;Eli Brager&quot;,&quot;focal_length&quot;:&quot;35&quot;,&quot;iso&quot;:&quot;200&quot;,&quot;shutter_speed&quot;:&quot;0.0125&quot;,&quot;title&quot;:&quot;&quot;}\" data-image-title=\"1012-41\" data-image-description=\"\" data-medium-file=\"https:\/\/i0.wp.com\/elibragerphotography.com\/wp-content\/uploads\/2012\/10\/1012-411.jpg?fit=188%2C300&#038;ssl=1\" data-large-file=\"https:\/\/i0.wp.com\/elibragerphotography.com\/wp-content\/uploads\/2012\/10\/1012-411.jpg?fit=625%2C1000&#038;ssl=1\" src=\"https:\/\/i0.wp.com\/elibragerphotography.com\/wp-content\/uploads\/2012\/10\/1012-411.jpg?w=233&#038;h=374&#038;ssl=1\" width=\"233\" height=\"374\" loading=\"lazy\" data-original-width=\"233\" data-original-height=\"374\" itemprop=\"http:\/\/schema.org\/image\" title=\"1012-41\" alt=\"1012-41\" style=\"width: 233px; height: 374px;\" \/> <\/a> <\/div> <\/div> <!-- close group --> <\/div> <!-- close row --> <div class=\"gallery-row\" style=\"width: 1290px; height: 568px;\" data-original-width=\"1290\" data-original-height=\"568\" > <div class=\"gallery-group images-1\" style=\"width: 437px; height: 568px;\" data-original-width=\"437\" data-original-height=\"568\" > <div class=\"tiled-gallery-item tiled-gallery-item-large\" itemprop=\"associatedMedia\" itemscope itemtype=\"http:\/\/schema.org\/ImageObject\"> <a href=\"https:\/\/elibragerphotography.com\/nb\/amadeus-dyrepark-pa-stange\/1012-94\/\" border=\"0\" itemprop=\"url\"> <meta itemprop=\"width\" content=\"433\"> <meta itemprop=\"height\" content=\"564\"> <img decoding=\"async\" class=\"\" data-attachment-id=\"675\" data-orig-file=\"https:\/\/elibragerphotography.com\/wp-content\/uploads\/2012\/10\/1012-94.jpg\" data-orig-size=\"769,1000\" data-comments-opened=\"1\" data-image-meta=\"{&quot;aperture&quot;:&quot;5.3&quot;,&quot;credit&quot;:&quot;&quot;,&quot;camera&quot;:&quot;NIKON D300&quot;,&quot;caption&quot;:&quot;&quot;,&quot;created_timestamp&quot;:&quot;1349363150&quot;,&quot;copyright&quot;:&quot;Eli Brager&quot;,&quot;focal_length&quot;:&quot;105&quot;,&quot;iso&quot;:&quot;360&quot;,&quot;shutter_speed&quot;:&quot;0.016666666666667&quot;,&quot;title&quot;:&quot;&quot;}\" data-image-title=\"Amadeus\" data-image-description=\"\" data-medium-file=\"https:\/\/i0.wp.com\/elibragerphotography.com\/wp-content\/uploads\/2012\/10\/1012-94.jpg?fit=231%2C300&#038;ssl=1\" data-large-file=\"https:\/\/i0.wp.com\/elibragerphotography.com\/wp-content\/uploads\/2012\/10\/1012-94.jpg?fit=769%2C1000&#038;ssl=1\" src=\"https:\/\/i0.wp.com\/elibragerphotography.com\/wp-content\/uploads\/2012\/10\/1012-94.jpg?w=433&#038;h=564&#038;ssl=1\" width=\"433\" height=\"564\" loading=\"lazy\" data-original-width=\"433\" data-original-height=\"564\" itemprop=\"http:\/\/schema.org\/image\" title=\"Amadeus\" alt=\"Amadeus\" style=\"width: 433px; height: 564px;\" \/> <\/a> <\/div> <\/div> <!-- close group --> <div class=\"gallery-group images-1\" style=\"width: 853px; height: 568px;\" data-original-width=\"853\" data-original-height=\"568\" > <div class=\"tiled-gallery-item tiled-gallery-item-large\" itemprop=\"associatedMedia\" itemscope itemtype=\"http:\/\/schema.org\/ImageObject\"> <a href=\"https:\/\/elibragerphotography.com\/nb\/amadeus-dyrepark-pa-stange\/1012-15-2\/\" border=\"0\" itemprop=\"url\"> <meta itemprop=\"width\" content=\"849\"> <meta itemprop=\"height\" content=\"564\"> <img decoding=\"async\" class=\"\" data-attachment-id=\"661\" data-orig-file=\"https:\/\/elibragerphotography.com\/wp-content\/uploads\/2012\/10\/1012-151.jpg\" data-orig-size=\"1000,664\" data-comments-opened=\"1\" data-image-meta=\"{&quot;aperture&quot;:&quot;5.6&quot;,&quot;credit&quot;:&quot;&quot;,&quot;camera&quot;:&quot;NIKON D300&quot;,&quot;caption&quot;:&quot;&quot;,&quot;created_timestamp&quot;:&quot;1349357280&quot;,&quot;copyright&quot;:&quot;Eli Brager&quot;,&quot;focal_length&quot;:&quot;170&quot;,&quot;iso&quot;:&quot;200&quot;,&quot;shutter_speed&quot;:&quot;0.00625&quot;,&quot;title&quot;:&quot;&quot;}\" data-image-title=\"1012-15\" data-image-description=\"\" data-medium-file=\"https:\/\/i0.wp.com\/elibragerphotography.com\/wp-content\/uploads\/2012\/10\/1012-151.jpg?fit=300%2C199&#038;ssl=1\" data-large-file=\"https:\/\/i0.wp.com\/elibragerphotography.com\/wp-content\/uploads\/2012\/10\/1012-151.jpg?fit=1000%2C664&#038;ssl=1\" src=\"https:\/\/i0.wp.com\/elibragerphotography.com\/wp-content\/uploads\/2012\/10\/1012-151.jpg?w=849&#038;h=564&#038;ssl=1\" width=\"849\" height=\"564\" loading=\"lazy\" data-original-width=\"849\" data-original-height=\"564\" itemprop=\"http:\/\/schema.org\/image\" title=\"1012-15\" alt=\"1012-15\" style=\"width: 849px; height: 564px;\" \/> <\/a> <\/div> <\/div> <!-- close group --> <\/div> <!-- close row --> <div class=\"gallery-row\" style=\"width: 1290px; height: 976px;\" data-original-width=\"1290\" data-original-height=\"976\" > <div class=\"gallery-group images-1\" style=\"width: 802px; height: 976px;\" data-original-width=\"802\" data-original-height=\"976\" > <div class=\"tiled-gallery-item tiled-gallery-item-large\" itemprop=\"associatedMedia\" itemscope itemtype=\"http:\/\/schema.org\/ImageObject\"> <a href=\"https:\/\/elibragerphotography.com\/nb\/amadeus-dyrepark-pa-stange\/1012-27-2\/\" border=\"0\" itemprop=\"url\"> <meta itemprop=\"width\" content=\"798\"> <meta itemprop=\"height\" content=\"972\"> <img decoding=\"async\" class=\"\" data-attachment-id=\"665\" data-orig-file=\"https:\/\/elibragerphotography.com\/wp-content\/uploads\/2012\/10\/1012-271.jpg\" data-orig-size=\"821,1000\" data-comments-opened=\"1\" data-image-meta=\"{&quot;aperture&quot;:&quot;4&quot;,&quot;credit&quot;:&quot;&quot;,&quot;camera&quot;:&quot;NIKON D300&quot;,&quot;caption&quot;:&quot;&quot;,&quot;created_timestamp&quot;:&quot;1349358426&quot;,&quot;copyright&quot;:&quot;Eli Brager&quot;,&quot;focal_length&quot;:&quot;18&quot;,&quot;iso&quot;:&quot;200&quot;,&quot;shutter_speed&quot;:&quot;0.0015625&quot;,&quot;title&quot;:&quot;&quot;}\" data-image-title=\"1012-27\" data-image-description=\"\" data-medium-file=\"https:\/\/i0.wp.com\/elibragerphotography.com\/wp-content\/uploads\/2012\/10\/1012-271.jpg?fit=246%2C300&#038;ssl=1\" data-large-file=\"https:\/\/i0.wp.com\/elibragerphotography.com\/wp-content\/uploads\/2012\/10\/1012-271.jpg?fit=821%2C1000&#038;ssl=1\" src=\"https:\/\/i0.wp.com\/elibragerphotography.com\/wp-content\/uploads\/2012\/10\/1012-271.jpg?w=798&#038;h=972&#038;ssl=1\" width=\"798\" height=\"972\" loading=\"lazy\" data-original-width=\"798\" data-original-height=\"972\" itemprop=\"http:\/\/schema.org\/image\" title=\"1012-27\" alt=\"1012-27\" style=\"width: 798px; height: 972px;\" \/> <\/a> <\/div> <\/div> <!-- close group --> <div class=\"gallery-group images-3\" style=\"width: 488px; height: 976px;\" data-original-width=\"488\" data-original-height=\"976\" > <div class=\"tiled-gallery-item tiled-gallery-item-large\" itemprop=\"associatedMedia\" itemscope itemtype=\"http:\/\/schema.org\/ImageObject\"> <a href=\"https:\/\/elibragerphotography.com\/nb\/amadeus-dyrepark-pa-stange\/1012-50-2\/\" border=\"0\" itemprop=\"url\"> <meta itemprop=\"width\" content=\"484\"> <meta itemprop=\"height\" content=\"322\"> <img decoding=\"async\" class=\"\" data-attachment-id=\"669\" data-orig-file=\"https:\/\/elibragerphotography.com\/wp-content\/uploads\/2012\/10\/1012-501.jpg\" data-orig-size=\"1000,664\" data-comments-opened=\"1\" data-image-meta=\"{&quot;aperture&quot;:&quot;4.2&quot;,&quot;credit&quot;:&quot;&quot;,&quot;camera&quot;:&quot;NIKON D300&quot;,&quot;caption&quot;:&quot;&quot;,&quot;created_timestamp&quot;:&quot;1349361189&quot;,&quot;copyright&quot;:&quot;Eli Brager&quot;,&quot;focal_length&quot;:&quot;32&quot;,&quot;iso&quot;:&quot;200&quot;,&quot;shutter_speed&quot;:&quot;0.016666666666667&quot;,&quot;title&quot;:&quot;&quot;}\" data-image-title=\"1012-50\" data-image-description=\"\" data-medium-file=\"https:\/\/i0.wp.com\/elibragerphotography.com\/wp-content\/uploads\/2012\/10\/1012-501.jpg?fit=300%2C199&#038;ssl=1\" data-large-file=\"https:\/\/i0.wp.com\/elibragerphotography.com\/wp-content\/uploads\/2012\/10\/1012-501.jpg?fit=1000%2C664&#038;ssl=1\" src=\"https:\/\/i0.wp.com\/elibragerphotography.com\/wp-content\/uploads\/2012\/10\/1012-501.jpg?w=484&#038;h=322&#038;ssl=1\" width=\"484\" height=\"322\" loading=\"lazy\" data-original-width=\"484\" data-original-height=\"322\" itemprop=\"http:\/\/schema.org\/image\" title=\"1012-50\" alt=\"1012-50\" style=\"width: 484px; height: 322px;\" \/> <\/a> <\/div> <div class=\"tiled-gallery-item tiled-gallery-item-large\" itemprop=\"associatedMedia\" itemscope itemtype=\"http:\/\/schema.org\/ImageObject\"> <a href=\"https:\/\/elibragerphotography.com\/nb\/amadeus-dyrepark-pa-stange\/1012-64-2\/\" border=\"0\" itemprop=\"url\"> <meta itemprop=\"width\" content=\"484\"> <meta itemprop=\"height\" content=\"321\"> <img decoding=\"async\" class=\"\" data-attachment-id=\"671\" data-orig-file=\"https:\/\/elibragerphotography.com\/wp-content\/uploads\/2012\/10\/1012-641.jpg\" data-orig-size=\"1000,664\" data-comments-opened=\"1\" data-image-meta=\"{&quot;aperture&quot;:&quot;4&quot;,&quot;credit&quot;:&quot;&quot;,&quot;camera&quot;:&quot;NIKON D300&quot;,&quot;caption&quot;:&quot;&quot;,&quot;created_timestamp&quot;:&quot;1349361273&quot;,&quot;copyright&quot;:&quot;Eli Brager&quot;,&quot;focal_length&quot;:&quot;18&quot;,&quot;iso&quot;:&quot;200&quot;,&quot;shutter_speed&quot;:&quot;0.0125&quot;,&quot;title&quot;:&quot;&quot;}\" data-image-title=\"1012-64\" data-image-description=\"\" data-medium-file=\"https:\/\/i0.wp.com\/elibragerphotography.com\/wp-content\/uploads\/2012\/10\/1012-641.jpg?fit=300%2C199&#038;ssl=1\" data-large-file=\"https:\/\/i0.wp.com\/elibragerphotography.com\/wp-content\/uploads\/2012\/10\/1012-641.jpg?fit=1000%2C664&#038;ssl=1\" src=\"https:\/\/i0.wp.com\/elibragerphotography.com\/wp-content\/uploads\/2012\/10\/1012-641.jpg?w=484&#038;h=321&#038;ssl=1\" width=\"484\" height=\"321\" loading=\"lazy\" data-original-width=\"484\" data-original-height=\"321\" itemprop=\"http:\/\/schema.org\/image\" title=\"1012-64\" alt=\"1012-64\" style=\"width: 484px; height: 321px;\" \/> <\/a> <\/div> <div class=\"tiled-gallery-item tiled-gallery-item-large\" itemprop=\"associatedMedia\" itemscope itemtype=\"http:\/\/schema.org\/ImageObject\"> <a href=\"https:\/\/elibragerphotography.com\/nb\/amadeus-dyrepark-pa-stange\/1012-15\/\" border=\"0\" itemprop=\"url\"> <meta itemprop=\"width\" content=\"484\"> <meta itemprop=\"height\" content=\"321\"> <img decoding=\"async\" class=\"\" data-attachment-id=\"644\" data-orig-file=\"https:\/\/elibragerphotography.com\/wp-content\/uploads\/2012\/10\/1012-15.jpg\" data-orig-size=\"1000,664\" data-comments-opened=\"1\" data-image-meta=\"{&quot;aperture&quot;:&quot;5.6&quot;,&quot;credit&quot;:&quot;&quot;,&quot;camera&quot;:&quot;NIKON D300&quot;,&quot;caption&quot;:&quot;&quot;,&quot;created_timestamp&quot;:&quot;1349357280&quot;,&quot;copyright&quot;:&quot;Eli Brager&quot;,&quot;focal_length&quot;:&quot;170&quot;,&quot;iso&quot;:&quot;200&quot;,&quot;shutter_speed&quot;:&quot;0.00625&quot;,&quot;title&quot;:&quot;&quot;}\" data-image-title=\"1012-15\" data-image-description=\"\" data-medium-file=\"https:\/\/i0.wp.com\/elibragerphotography.com\/wp-content\/uploads\/2012\/10\/1012-15.jpg?fit=300%2C199&#038;ssl=1\" data-large-file=\"https:\/\/i0.wp.com\/elibragerphotography.com\/wp-content\/uploads\/2012\/10\/1012-15.jpg?fit=1000%2C664&#038;ssl=1\" src=\"https:\/\/i0.wp.com\/elibragerphotography.com\/wp-content\/uploads\/2012\/10\/1012-15.jpg?w=484&#038;h=321&#038;ssl=1\" width=\"484\" height=\"321\" loading=\"lazy\" data-original-width=\"484\" data-original-height=\"321\" itemprop=\"http:\/\/schema.org\/image\" title=\"1012-15\" alt=\"1012-15\" style=\"width: 484px; height: 321px;\" \/> <\/a> <\/div> <\/div> <!-- close group --> <\/div> <!-- close row --> <div class=\"gallery-row\" style=\"width: 1290px; height: 978px;\" data-original-width=\"1290\" data-original-height=\"978\" > <div class=\"gallery-group images-1\" style=\"width: 703px; height: 978px;\" data-original-width=\"703\" data-original-height=\"978\" > <div class=\"tiled-gallery-item tiled-gallery-item-large\" itemprop=\"associatedMedia\" itemscope itemtype=\"http:\/\/schema.org\/ImageObject\"> <a href=\"https:\/\/elibragerphotography.com\/nb\/amadeus-dyrepark-pa-stange\/1012-82-2\/\" border=\"0\" itemprop=\"url\"> <meta itemprop=\"width\" content=\"699\"> <meta itemprop=\"height\" content=\"974\"> <img decoding=\"async\" class=\"\" data-attachment-id=\"674\" data-orig-file=\"https:\/\/elibragerphotography.com\/wp-content\/uploads\/2012\/10\/1012-821.jpg\" data-orig-size=\"718,1000\" data-comments-opened=\"1\" data-image-meta=\"{&quot;aperture&quot;:&quot;5.6&quot;,&quot;credit&quot;:&quot;&quot;,&quot;camera&quot;:&quot;NIKON D300&quot;,&quot;caption&quot;:&quot;&quot;,&quot;created_timestamp&quot;:&quot;1349362498&quot;,&quot;copyright&quot;:&quot;Eli Brager&quot;,&quot;focal_length&quot;:&quot;200&quot;,&quot;iso&quot;:&quot;200&quot;,&quot;shutter_speed&quot;:&quot;0.016666666666667&quot;,&quot;title&quot;:&quot;&quot;}\" data-image-title=\"1012-82\" data-image-description=\"\" data-medium-file=\"https:\/\/i0.wp.com\/elibragerphotography.com\/wp-content\/uploads\/2012\/10\/1012-821.jpg?fit=215%2C300&#038;ssl=1\" data-large-file=\"https:\/\/i0.wp.com\/elibragerphotography.com\/wp-content\/uploads\/2012\/10\/1012-821.jpg?fit=718%2C1000&#038;ssl=1\" src=\"https:\/\/i0.wp.com\/elibragerphotography.com\/wp-content\/uploads\/2012\/10\/1012-821.jpg?w=699&#038;h=974&#038;ssl=1\" width=\"699\" height=\"974\" loading=\"lazy\" data-original-width=\"699\" data-original-height=\"974\" itemprop=\"http:\/\/schema.org\/image\" title=\"1012-82\" alt=\"1012-82\" style=\"width: 699px; height: 974px;\" \/> <\/a> <\/div> <\/div> <!-- close group --> <div class=\"gallery-group images-2\" style=\"width: 587px; height: 978px;\" data-original-width=\"587\" data-original-height=\"978\" > <div class=\"tiled-gallery-item tiled-gallery-item-large\" itemprop=\"associatedMedia\" itemscope itemtype=\"http:\/\/schema.org\/ImageObject\"> <a href=\"https:\/\/elibragerphotography.com\/nb\/amadeus-dyrepark-pa-stange\/1012-16\/\" border=\"0\" itemprop=\"url\"> <meta itemprop=\"width\" content=\"583\"> <meta itemprop=\"height\" content=\"387\"> <img decoding=\"async\" class=\"\" data-attachment-id=\"645\" data-orig-file=\"https:\/\/elibragerphotography.com\/wp-content\/uploads\/2012\/10\/1012-16.jpg\" data-orig-size=\"1000,664\" data-comments-opened=\"1\" data-image-meta=\"{&quot;aperture&quot;:&quot;5.6&quot;,&quot;credit&quot;:&quot;&quot;,&quot;camera&quot;:&quot;NIKON D300&quot;,&quot;caption&quot;:&quot;&quot;,&quot;created_timestamp&quot;:&quot;1349357292&quot;,&quot;copyright&quot;:&quot;Eli Brager&quot;,&quot;focal_length&quot;:&quot;200&quot;,&quot;iso&quot;:&quot;200&quot;,&quot;shutter_speed&quot;:&quot;0.005&quot;,&quot;title&quot;:&quot;&quot;}\" data-image-title=\"1012-16\" data-image-description=\"\" data-medium-file=\"https:\/\/i0.wp.com\/elibragerphotography.com\/wp-content\/uploads\/2012\/10\/1012-16.jpg?fit=300%2C199&#038;ssl=1\" data-large-file=\"https:\/\/i0.wp.com\/elibragerphotography.com\/wp-content\/uploads\/2012\/10\/1012-16.jpg?fit=1000%2C664&#038;ssl=1\" src=\"https:\/\/i0.wp.com\/elibragerphotography.com\/wp-content\/uploads\/2012\/10\/1012-16.jpg?w=583&#038;h=387&#038;ssl=1\" width=\"583\" height=\"387\" loading=\"lazy\" data-original-width=\"583\" data-original-height=\"387\" itemprop=\"http:\/\/schema.org\/image\" title=\"1012-16\" alt=\"1012-16\" style=\"width: 583px; height: 387px;\" \/> <\/a> <\/div> <div class=\"tiled-gallery-item tiled-gallery-item-large\" itemprop=\"associatedMedia\" itemscope itemtype=\"http:\/\/schema.org\/ImageObject\"> <a href=\"https:\/\/elibragerphotography.com\/nb\/amadeus-dyrepark-pa-stange\/1012-44-2\/\" border=\"0\" itemprop=\"url\"> <meta itemprop=\"width\" content=\"583\"> <meta itemprop=\"height\" content=\"583\"> <img decoding=\"async\" class=\"\" data-attachment-id=\"668\" data-orig-file=\"https:\/\/elibragerphotography.com\/wp-content\/uploads\/2012\/10\/1012-441.jpg\" data-orig-size=\"1000,1000\" data-comments-opened=\"1\" data-image-meta=\"{&quot;aperture&quot;:&quot;5&quot;,&quot;credit&quot;:&quot;&quot;,&quot;camera&quot;:&quot;NIKON D300&quot;,&quot;caption&quot;:&quot;&quot;,&quot;created_timestamp&quot;:&quot;1349360997&quot;,&quot;copyright&quot;:&quot;Eli Brager&quot;,&quot;focal_length&quot;:&quot;70&quot;,&quot;iso&quot;:&quot;640&quot;,&quot;shutter_speed&quot;:&quot;0.016666666666667&quot;,&quot;title&quot;:&quot;&quot;}\" data-image-title=\"1012-44\" data-image-description=\"\" data-medium-file=\"https:\/\/i0.wp.com\/elibragerphotography.com\/wp-content\/uploads\/2012\/10\/1012-441.jpg?fit=300%2C300&#038;ssl=1\" data-large-file=\"https:\/\/i0.wp.com\/elibragerphotography.com\/wp-content\/uploads\/2012\/10\/1012-441.jpg?fit=1000%2C1000&#038;ssl=1\" src=\"https:\/\/i0.wp.com\/elibragerphotography.com\/wp-content\/uploads\/2012\/10\/1012-441.jpg?w=583&#038;h=583&#038;crop=1&#038;ssl=1\" width=\"583\" height=\"583\" loading=\"lazy\" data-original-width=\"583\" data-original-height=\"583\" itemprop=\"http:\/\/schema.org\/image\" title=\"1012-44\" alt=\"1012-44\" style=\"width: 583px; height: 583px;\" \/> <\/a> <\/div> <\/div> <!-- close group --> <\/div> <!-- close row --> <div class=\"gallery-row\" style=\"width: 1290px; height: 349px;\" data-original-width=\"1290\" data-original-height=\"349\" > <div class=\"gallery-group images-1\" style=\"width: 524px; height: 349px;\" data-original-width=\"524\" data-original-height=\"349\" > <div class=\"tiled-gallery-item tiled-gallery-item-large\" itemprop=\"associatedMedia\" itemscope itemtype=\"http:\/\/schema.org\/ImageObject\"> <a href=\"https:\/\/elibragerphotography.com\/nb\/amadeus-dyrepark-pa-stange\/1012-24-2\/\" border=\"0\" itemprop=\"url\"> <meta itemprop=\"width\" content=\"520\"> <meta itemprop=\"height\" content=\"345\"> <img decoding=\"async\" class=\"\" data-attachment-id=\"664\" data-orig-file=\"https:\/\/elibragerphotography.com\/wp-content\/uploads\/2012\/10\/1012-241.jpg\" data-orig-size=\"1000,664\" data-comments-opened=\"1\" data-image-meta=\"{&quot;aperture&quot;:&quot;4.5&quot;,&quot;credit&quot;:&quot;&quot;,&quot;camera&quot;:&quot;NIKON D300&quot;,&quot;caption&quot;:&quot;&quot;,&quot;created_timestamp&quot;:&quot;1349358249&quot;,&quot;copyright&quot;:&quot;Eli Brager&quot;,&quot;focal_length&quot;:&quot;40&quot;,&quot;iso&quot;:&quot;200&quot;,&quot;shutter_speed&quot;:&quot;0.003125&quot;,&quot;title&quot;:&quot;&quot;}\" data-image-title=\"1012-24\" data-image-description=\"\" data-medium-file=\"https:\/\/i0.wp.com\/elibragerphotography.com\/wp-content\/uploads\/2012\/10\/1012-241.jpg?fit=300%2C199&#038;ssl=1\" data-large-file=\"https:\/\/i0.wp.com\/elibragerphotography.com\/wp-content\/uploads\/2012\/10\/1012-241.jpg?fit=1000%2C664&#038;ssl=1\" src=\"https:\/\/i0.wp.com\/elibragerphotography.com\/wp-content\/uploads\/2012\/10\/1012-241.jpg?w=520&#038;h=345&#038;ssl=1\" width=\"520\" height=\"345\" loading=\"lazy\" data-original-width=\"520\" data-original-height=\"345\" itemprop=\"http:\/\/schema.org\/image\" title=\"1012-24\" alt=\"1012-24\" style=\"width: 520px; height: 345px;\" \/> <\/a> <\/div> <\/div> <!-- close group --> <div class=\"gallery-group images-1\" style=\"width: 471px; height: 349px;\" data-original-width=\"471\" data-original-height=\"349\" > <div class=\"tiled-gallery-item tiled-gallery-item-large\" itemprop=\"associatedMedia\" itemscope itemtype=\"http:\/\/schema.org\/ImageObject\"> <a href=\"https:\/\/elibragerphotography.com\/nb\/amadeus-dyrepark-pa-stange\/1012-72-2\/\" border=\"0\" itemprop=\"url\"> <meta itemprop=\"width\" content=\"467\"> <meta itemprop=\"height\" content=\"345\"> <img decoding=\"async\" class=\"\" data-attachment-id=\"673\" data-orig-file=\"https:\/\/elibragerphotography.com\/wp-content\/uploads\/2012\/10\/1012-721.jpg\" data-orig-size=\"1000,740\" data-comments-opened=\"1\" data-image-meta=\"{&quot;aperture&quot;:&quot;5.6&quot;,&quot;credit&quot;:&quot;&quot;,&quot;camera&quot;:&quot;NIKON D300&quot;,&quot;caption&quot;:&quot;&quot;,&quot;created_timestamp&quot;:&quot;1349361847&quot;,&quot;copyright&quot;:&quot;Eli Brager&quot;,&quot;focal_length&quot;:&quot;130&quot;,&quot;iso&quot;:&quot;280&quot;,&quot;shutter_speed&quot;:&quot;0.016666666666667&quot;,&quot;title&quot;:&quot;&quot;}\" data-image-title=\"1012-72\" data-image-description=\"\" data-medium-file=\"https:\/\/i0.wp.com\/elibragerphotography.com\/wp-content\/uploads\/2012\/10\/1012-721.jpg?fit=300%2C222&#038;ssl=1\" data-large-file=\"https:\/\/i0.wp.com\/elibragerphotography.com\/wp-content\/uploads\/2012\/10\/1012-721.jpg?fit=1000%2C740&#038;ssl=1\" src=\"https:\/\/i0.wp.com\/elibragerphotography.com\/wp-content\/uploads\/2012\/10\/1012-721.jpg?w=467&#038;h=345&#038;ssl=1\" width=\"467\" height=\"345\" loading=\"lazy\" data-original-width=\"467\" data-original-height=\"345\" itemprop=\"http:\/\/schema.org\/image\" title=\"1012-72\" alt=\"1012-72\" style=\"width: 467px; height: 345px;\" \/> <\/a> <\/div> <\/div> <!-- close group --> <div class=\"gallery-group images-1\" style=\"width: 295px; height: 349px;\" data-original-width=\"295\" data-original-height=\"349\" > <div class=\"tiled-gallery-item tiled-gallery-item-large\" itemprop=\"associatedMedia\" itemscope itemtype=\"http:\/\/schema.org\/ImageObject\"> <a href=\"https:\/\/elibragerphotography.com\/nb\/amadeus-dyrepark-pa-stange\/1012-71-2\/\" border=\"0\" itemprop=\"url\"> <meta itemprop=\"width\" content=\"291\"> <meta itemprop=\"height\" content=\"345\"> <img decoding=\"async\" class=\"\" data-attachment-id=\"672\" data-orig-file=\"https:\/\/elibragerphotography.com\/wp-content\/uploads\/2012\/10\/1012-711.jpg\" data-orig-size=\"843,1000\" data-comments-opened=\"1\" data-image-meta=\"{&quot;aperture&quot;:&quot;5.6&quot;,&quot;credit&quot;:&quot;&quot;,&quot;camera&quot;:&quot;NIKON D300&quot;,&quot;caption&quot;:&quot;&quot;,&quot;created_timestamp&quot;:&quot;1349361841&quot;,&quot;copyright&quot;:&quot;Eli Brager&quot;,&quot;focal_length&quot;:&quot;130&quot;,&quot;iso&quot;:&quot;250&quot;,&quot;shutter_speed&quot;:&quot;0.016666666666667&quot;,&quot;title&quot;:&quot;&quot;}\" data-image-title=\"1012-71\" data-image-description=\"\" data-medium-file=\"https:\/\/i0.wp.com\/elibragerphotography.com\/wp-content\/uploads\/2012\/10\/1012-711.jpg?fit=253%2C300&#038;ssl=1\" data-large-file=\"https:\/\/i0.wp.com\/elibragerphotography.com\/wp-content\/uploads\/2012\/10\/1012-711.jpg?fit=843%2C1000&#038;ssl=1\" src=\"https:\/\/i0.wp.com\/elibragerphotography.com\/wp-content\/uploads\/2012\/10\/1012-711.jpg?w=291&#038;h=345&#038;ssl=1\" width=\"291\" height=\"345\" loading=\"lazy\" data-original-width=\"291\" data-original-height=\"345\" itemprop=\"http:\/\/schema.org\/image\" title=\"1012-71\" alt=\"1012-71\" style=\"width: 291px; height: 345px;\" \/> <\/a> <\/div> <\/div> <!-- close group --> <\/div> <!-- close row --> <div class=\"gallery-row\" style=\"width: 1290px; height: 606px;\" data-original-width=\"1290\" data-original-height=\"606\" > <div class=\"gallery-group images-1\" style=\"width: 910px; height: 606px;\" data-original-width=\"910\" data-original-height=\"606\" > <div class=\"tiled-gallery-item tiled-gallery-item-large\" itemprop=\"associatedMedia\" itemscope itemtype=\"http:\/\/schema.org\/ImageObject\"> <a href=\"https:\/\/elibragerphotography.com\/nb\/amadeus-dyrepark-pa-stange\/1012-22-2\/\" border=\"0\" itemprop=\"url\"> <meta itemprop=\"width\" content=\"906\"> <meta itemprop=\"height\" content=\"602\"> <img decoding=\"async\" class=\"\" data-attachment-id=\"663\" data-orig-file=\"https:\/\/elibragerphotography.com\/wp-content\/uploads\/2012\/10\/1012-221.jpg\" data-orig-size=\"1000,664\" data-comments-opened=\"1\" data-image-meta=\"{&quot;aperture&quot;:&quot;5&quot;,&quot;credit&quot;:&quot;&quot;,&quot;camera&quot;:&quot;NIKON D300&quot;,&quot;caption&quot;:&quot;&quot;,&quot;created_timestamp&quot;:&quot;1349357754&quot;,&quot;copyright&quot;:&quot;Eli Brager&quot;,&quot;focal_length&quot;:&quot;75&quot;,&quot;iso&quot;:&quot;200&quot;,&quot;shutter_speed&quot;:&quot;0.01&quot;,&quot;title&quot;:&quot;&quot;}\" data-image-title=\"1012-22\" data-image-description=\"\" data-medium-file=\"https:\/\/i0.wp.com\/elibragerphotography.com\/wp-content\/uploads\/2012\/10\/1012-221.jpg?fit=300%2C199&#038;ssl=1\" data-large-file=\"https:\/\/i0.wp.com\/elibragerphotography.com\/wp-content\/uploads\/2012\/10\/1012-221.jpg?fit=1000%2C664&#038;ssl=1\" src=\"https:\/\/i0.wp.com\/elibragerphotography.com\/wp-content\/uploads\/2012\/10\/1012-221.jpg?w=906&#038;h=602&#038;ssl=1\" width=\"906\" height=\"602\" loading=\"lazy\" data-original-width=\"906\" data-original-height=\"602\" itemprop=\"http:\/\/schema.org\/image\" title=\"1012-22\" alt=\"1012-22\" style=\"width: 906px; height: 602px;\" \/> <\/a> <\/div> <\/div> <!-- close group --> <div class=\"gallery-group images-1\" style=\"width: 380px; height: 606px;\" data-original-width=\"380\" data-original-height=\"606\" > <div class=\"tiled-gallery-item tiled-gallery-item-large\" itemprop=\"associatedMedia\" itemscope itemtype=\"http:\/\/schema.org\/ImageObject\"> <a href=\"https:\/\/elibragerphotography.com\/nb\/amadeus-dyrepark-pa-stange\/1012-38-2\/\" border=\"0\" itemprop=\"url\"> <meta itemprop=\"width\" content=\"376\"> <meta itemprop=\"height\" content=\"602\"> <img decoding=\"async\" class=\"\" data-attachment-id=\"666\" data-orig-file=\"https:\/\/elibragerphotography.com\/wp-content\/uploads\/2012\/10\/1012-381.jpg\" data-orig-size=\"624,1000\" data-comments-opened=\"1\" data-image-meta=\"{&quot;aperture&quot;:&quot;5.3&quot;,&quot;credit&quot;:&quot;&quot;,&quot;camera&quot;:&quot;NIKON D300&quot;,&quot;caption&quot;:&quot;&quot;,&quot;created_timestamp&quot;:&quot;1349360861&quot;,&quot;copyright&quot;:&quot;Eli Brager&quot;,&quot;focal_length&quot;:&quot;112&quot;,&quot;iso&quot;:&quot;900&quot;,&quot;shutter_speed&quot;:&quot;0.016666666666667&quot;,&quot;title&quot;:&quot;&quot;}\" data-image-title=\"1012-38\" data-image-description=\"\" data-medium-file=\"https:\/\/i0.wp.com\/elibragerphotography.com\/wp-content\/uploads\/2012\/10\/1012-381.jpg?fit=187%2C300&#038;ssl=1\" data-large-file=\"https:\/\/i0.wp.com\/elibragerphotography.com\/wp-content\/uploads\/2012\/10\/1012-381.jpg?fit=624%2C1000&#038;ssl=1\" src=\"https:\/\/i0.wp.com\/elibragerphotography.com\/wp-content\/uploads\/2012\/10\/1012-381.jpg?w=376&#038;h=602&#038;ssl=1\" width=\"376\" height=\"602\" loading=\"lazy\" data-original-width=\"376\" data-original-height=\"602\" itemprop=\"http:\/\/schema.org\/image\" title=\"1012-38\" alt=\"1012-38\" style=\"width: 376px; height: 602px;\" \/> <\/a> <\/div> <\/div> <!-- close group --> <\/div> <!-- close row --> <\/div>","protected":false},"excerpt":{"rendered":"<p>I begynnelsen av oktober, s\u00e5nn midt i h\u00f8stferien stoppet vi ved Amadeus dyrepark for \u00e5 ta en titt p\u00e5 dyrene. Det ble ingen kort titt, det ble en lang titt. Vi ble der i flere timer. Her var Amadeus apekatten, som jeg ikke lyktes \u00e5 f\u00e5 noe godt bilde av da den svingte seg fra&#8230;<\/p>","protected":false},"author":8754777,"featured_media":0,"comment_status":"open","ping_status":"open","sticky":false,"template":"","format":"standard","meta":{"_coblocks_attr":"","_coblocks_dimensions":"","_coblocks_responsive_height":"","_coblocks_accordion_ie_support":"","_kad_post_transparent":"","_kad_post_title":"","_kad_post_layout":"","_kad_post_sidebar_id":"","_kad_post_content_style":"","_kad_post_vertical_padding":"","_kad_post_feature":"","_kad_post_feature_position":"","_kad_post_header":false,"_kad_post_footer":false,"_kad_post_classname":"","_jetpack_newsletter_access":"","_jetpack_dont_email_post_to_subs":false,"_jetpack_newsletter_tier_id":0,"_jetpack_memberships_contains_paywalled_content":false,"_wpcom_ai_launchpad_first_post":false,"_jetpack_feature_clip_id":0,"_jetpack_memberships_contains_paid_content":false,"footnotes":"","jetpack_publicize_message":"{title}\n\n{excerpt}\n\n{url}","jetpack_publicize_feature_enabled":true,"jetpack_social_post_already_shared":false,"jetpack_social_options":{"image_generator_settings":{"template":"highway","default_image_id":0,"font":"","enabled":false},"version":2},"_wpas_customize_per_network":false,"jetpack_post_was_ever_published":false},"categories":[100825,67416,31082],"tags":[119753939,62610,35975998,32168],"class_list":["post-642","post","type-post","status-publish","format-standard","hentry","category-dyr","category-host","category-litt-av-hvert","tag-amadeus-dyrepark","tag-barn","tag-dyr-2","tag-park"],"yoast_head":"<!-- This site is optimized with the Yoast SEO plugin v28.4 - https:\/\/yoast.com\/product\/yoast-seo-wordpress\/ -->\n<title>Amadeus dyrepark p\u00e5 Stange - Eli Brager Photography<\/title>\n<meta name=\"robots\" content=\"index, follow, max-snippet:-1, max-image-preview:large, max-video-preview:-1\" \/>\n<link rel=\"canonical\" href=\"https:\/\/elibragerphotography.com\/nb\/amadeus-dyrepark-pa-stange\/\" \/>\n<meta property=\"og:locale\" content=\"nb_NO\" \/>\n<meta property=\"og:type\" content=\"article\" \/>\n<meta property=\"og:title\" content=\"Amadeus dyrepark p\u00e5 Stange - Eli Brager Photography\" \/>\n<meta property=\"og:description\" content=\"I begynnelsen av oktober, s\u00e5nn midt i h\u00f8stferien stoppet vi ved Amadeus dyrepark for \u00e5 ta en titt p\u00e5 dyrene. Det ble ingen kort titt, det ble en lang titt. Vi ble der i flere timer. Her var Amadeus apekatten, som jeg ikke lyktes \u00e5 f\u00e5 noe godt bilde av da den svingte seg fra...\" \/>\n<meta property=\"og:url\" content=\"https:\/\/elibragerphotography.com\/nb\/amadeus-dyrepark-pa-stange\/\" \/>\n<meta property=\"og:site_name\" content=\"Eli Brager Photography\" \/>\n<meta property=\"article:publisher\" content=\"https:\/\/www.facebook.com\/EliBragerPhotography\" \/>\n<meta property=\"article:author\" content=\"https:\/\/www.facebook.com\/EliBragerPhotography\" \/>\n<meta property=\"article:published_time\" content=\"2012-10-21T19:57:50+00:00\" \/>\n<meta property=\"og:image\" content=\"https:\/\/i0.wp.com\/elibragerphotography.com\/wp-content\/uploads\/2012\/10\/1012-441.jpg?w=308&#038;h=308&#038;crop=1&#038;quality=80&#038;strip=all&#038;ssl=1\" \/>\n<meta name=\"author\" content=\"elibrager\" \/>\n<meta name=\"twitter:card\" content=\"summary_large_image\" \/>\n<meta name=\"twitter:label1\" content=\"Skrevet av\" \/>\n\t<meta name=\"twitter:data1\" content=\"elibrager\" \/>\n\t<meta name=\"twitter:label2\" content=\"Ansl. lesetid\" \/>\n\t<meta name=\"twitter:data2\" content=\"1 minutt\" \/>\n<script type=\"application\/ld+json\" class=\"yoast-schema-graph\">{\"@context\":\"https:\\\/\\\/schema.org\",\"@graph\":[{\"@type\":\"Article\",\"@id\":\"https:\\\/\\\/elibragerphotography.com\\\/amadeus-dyrepark-pa-stange\\\/#article\",\"isPartOf\":{\"@id\":\"https:\\\/\\\/elibragerphotography.com\\\/amadeus-dyrepark-pa-stange\\\/\"},\"author\":{\"name\":\"elibrager\",\"@id\":\"https:\\\/\\\/elibragerphotography.com\\\/#\\\/schema\\\/person\\\/2d49ba3051dc6c73bb511d324539efbe\"},\"headline\":\"Amadeus dyrepark p\u00e5 Stange\",\"datePublished\":\"2012-10-21T19:57:50+00:00\",\"mainEntityOfPage\":{\"@id\":\"https:\\\/\\\/elibragerphotography.com\\\/amadeus-dyrepark-pa-stange\\\/\"},\"wordCount\":157,\"commentCount\":0,\"publisher\":{\"@id\":\"https:\\\/\\\/elibragerphotography.com\\\/#\\\/schema\\\/person\\\/2d49ba3051dc6c73bb511d324539efbe\"},\"image\":{\"@id\":\"https:\\\/\\\/elibragerphotography.com\\\/amadeus-dyrepark-pa-stange\\\/#primaryimage\"},\"thumbnailUrl\":\"https:\\\/\\\/elibragerphotography.com\\\/wp-content\\\/uploads\\\/2012\\\/10\\\/1012-94.jpg\",\"keywords\":[\"Amadeus dyrepark\",\"barn\",\"dyr\",\"Park\"],\"articleSection\":[\"Dyr\",\"H\u00f8st\",\"Litt av hvert\"],\"inLanguage\":\"nb-NO\",\"potentialAction\":[{\"@type\":\"CommentAction\",\"name\":\"Comment\",\"target\":[\"https:\\\/\\\/elibragerphotography.com\\\/amadeus-dyrepark-pa-stange\\\/#respond\"]}]},{\"@type\":\"WebPage\",\"@id\":\"https:\\\/\\\/elibragerphotography.com\\\/amadeus-dyrepark-pa-stange\\\/\",\"url\":\"https:\\\/\\\/elibragerphotography.com\\\/amadeus-dyrepark-pa-stange\\\/\",\"name\":\"Amadeus dyrepark p\u00e5 Stange - Eli Brager Photography\",\"isPartOf\":{\"@id\":\"https:\\\/\\\/elibragerphotography.com\\\/#website\"},\"primaryImageOfPage\":{\"@id\":\"https:\\\/\\\/elibragerphotography.com\\\/amadeus-dyrepark-pa-stange\\\/#primaryimage\"},\"image\":{\"@id\":\"https:\\\/\\\/elibragerphotography.com\\\/amadeus-dyrepark-pa-stange\\\/#primaryimage\"},\"thumbnailUrl\":\"https:\\\/\\\/elibragerphotography.com\\\/wp-content\\\/uploads\\\/2012\\\/10\\\/1012-94.jpg\",\"datePublished\":\"2012-10-21T19:57:50+00:00\",\"breadcrumb\":{\"@id\":\"https:\\\/\\\/elibragerphotography.com\\\/amadeus-dyrepark-pa-stange\\\/#breadcrumb\"},\"inLanguage\":\"nb-NO\",\"potentialAction\":[{\"@type\":\"ReadAction\",\"target\":[\"https:\\\/\\\/elibragerphotography.com\\\/amadeus-dyrepark-pa-stange\\\/\"]}]},{\"@type\":\"ImageObject\",\"inLanguage\":\"nb-NO\",\"@id\":\"https:\\\/\\\/elibragerphotography.com\\\/amadeus-dyrepark-pa-stange\\\/#primaryimage\",\"url\":\"https:\\\/\\\/elibragerphotography.com\\\/wp-content\\\/uploads\\\/2012\\\/10\\\/1012-94.jpg\",\"contentUrl\":\"https:\\\/\\\/elibragerphotography.com\\\/wp-content\\\/uploads\\\/2012\\\/10\\\/1012-94.jpg\"},{\"@type\":\"BreadcrumbList\",\"@id\":\"https:\\\/\\\/elibragerphotography.com\\\/amadeus-dyrepark-pa-stange\\\/#breadcrumb\",\"itemListElement\":[{\"@type\":\"ListItem\",\"position\":1,\"name\":\"Home\",\"item\":\"https:\\\/\\\/elibragerphotography.com\\\/\"},{\"@type\":\"ListItem\",\"position\":2,\"name\":\"Amadeus dyrepark p\u00e5 Stange\"}]},{\"@type\":\"WebSite\",\"@id\":\"https:\\\/\\\/elibragerphotography.com\\\/#website\",\"url\":\"https:\\\/\\\/elibragerphotography.com\\\/\",\"name\":\"Eli Brager Photography\",\"description\":\"About Photography, Travelling and joy of life!\",\"publisher\":{\"@id\":\"https:\\\/\\\/elibragerphotography.com\\\/#\\\/schema\\\/person\\\/2d49ba3051dc6c73bb511d324539efbe\"},\"potentialAction\":[{\"@type\":\"SearchAction\",\"target\":{\"@type\":\"EntryPoint\",\"urlTemplate\":\"https:\\\/\\\/elibragerphotography.com\\\/?s={search_term_string}\"},\"query-input\":{\"@type\":\"PropertyValueSpecification\",\"valueRequired\":true,\"valueName\":\"search_term_string\"}}],\"inLanguage\":\"nb-NO\"},{\"@type\":[\"Person\",\"Organization\"],\"@id\":\"https:\\\/\\\/elibragerphotography.com\\\/#\\\/schema\\\/person\\\/2d49ba3051dc6c73bb511d324539efbe\",\"name\":\"elibrager\",\"image\":{\"@type\":\"ImageObject\",\"inLanguage\":\"nb-NO\",\"@id\":\"https:\\\/\\\/i0.wp.com\\\/elibragerphotography.com\\\/wp-content\\\/uploads\\\/2025\\\/08\\\/img_1334.jpeg?fit=1536%2C2048&quality=80&strip=all&ssl=1\",\"url\":\"https:\\\/\\\/i0.wp.com\\\/elibragerphotography.com\\\/wp-content\\\/uploads\\\/2025\\\/08\\\/img_1334.jpeg?fit=1536%2C2048&quality=80&strip=all&ssl=1\",\"contentUrl\":\"https:\\\/\\\/i0.wp.com\\\/elibragerphotography.com\\\/wp-content\\\/uploads\\\/2025\\\/08\\\/img_1334.jpeg?fit=1536%2C2048&quality=80&strip=all&ssl=1\",\"width\":1536,\"height\":2048,\"caption\":\"elibrager\"},\"logo\":{\"@id\":\"https:\\\/\\\/i0.wp.com\\\/elibragerphotography.com\\\/wp-content\\\/uploads\\\/2025\\\/08\\\/img_1334.jpeg?fit=1536%2C2048&quality=80&strip=all&ssl=1\"},\"description\":\"About Me Hi, I\u2019m Eli Irene Brager \u2013 photographer, writer, and lifelong wanderer in the quiet landscapes of the heart. Through my lens, I seek more than just images. I seek presence. I believe photography is not only about what we see, but how we see \u2014 how we meet the world with open eyes and a quiet mind. For me, photography is a way of listening. A form of mindfulness. A practice of stillness and wonder. I\u2019m also a globetrotter at heart. I love traveling and discovering new places with my camera \u2013 from quiet corners of nature to vibrant city streets. My blog reflects this love for exploring, with stories and photographs gathered along the way. Each journey deepens my appreciation for light, texture, and the way places speak if we take the time to listen. I photograph with both DSLR and iPhone, always guided by what moves me rather than by gear or trends. I created this space to share moments that speak, not shout. Images that invite you to pause. To feel. To breathe. Whether you\u2019re a fellow photographer or someone simply seeking calm in a noisy world, I hope you\u2019ll find something here that resonates. When I\u2019m not behind the camera, I write about mindful photography, run a Norwegian photo community called Se Utover, and create courses that combine creativity, presence, and personal growth. Thank you for visiting. I\u2019m so glad you\u2019re here.\",\"sameAs\":[\"http:\\\/\\\/elibragerphotography.com\",\"https:\\\/\\\/www.facebook.com\\\/EliBragerPhotography\",\"https:\\\/\\\/www.instagram.com\\\/elibrager\",\"https:\\\/\\\/www.youtube.com\\\/@bragerfoto9838\"],\"url\":\"https:\\\/\\\/elibragerphotography.com\\\/nb\\\/author\\\/elibrager\\\/\"}]}<\/script>\n<!-- \/ Yoast SEO plugin. -->","yoast_head_json":{"title":"Amadeus dyrepark p\u00e5 Stange - Eli Brager Photography","robots":{"index":"index","follow":"follow","max-snippet":"max-snippet:-1","max-image-preview":"max-image-preview:large","max-video-preview":"max-video-preview:-1"},"canonical":"https:\/\/elibragerphotography.com\/nb\/amadeus-dyrepark-pa-stange\/","og_locale":"nb_NO","og_type":"article","og_title":"Amadeus dyrepark p\u00e5 Stange - Eli Brager Photography","og_description":"I begynnelsen av oktober, s\u00e5nn midt i h\u00f8stferien stoppet vi ved Amadeus dyrepark for \u00e5 ta en titt p\u00e5 dyrene. Det ble ingen kort titt, det ble en lang titt. Vi ble der i flere timer. Her var Amadeus apekatten, som jeg ikke lyktes \u00e5 f\u00e5 noe godt bilde av da den svingte seg fra...","og_url":"https:\/\/elibragerphotography.com\/nb\/amadeus-dyrepark-pa-stange\/","og_site_name":"Eli Brager Photography","article_publisher":"https:\/\/www.facebook.com\/EliBragerPhotography","article_author":"https:\/\/www.facebook.com\/EliBragerPhotography","article_published_time":"2012-10-21T19:57:50+00:00","og_image":[{"url":"https:\/\/i0.wp.com\/elibragerphotography.com\/wp-content\/uploads\/2012\/10\/1012-441.jpg?w=308&#038;h=308&#038;crop=1&#038;quality=80&#038;strip=all&#038;ssl=1","type":"","width":"","height":""}],"author":"elibrager","twitter_card":"summary_large_image","twitter_misc":{"Skrevet av":"elibrager","Ansl. lesetid":"1 minutt"},"schema":{"@context":"https:\/\/schema.org","@graph":[{"@type":"Article","@id":"https:\/\/elibragerphotography.com\/amadeus-dyrepark-pa-stange\/#article","isPartOf":{"@id":"https:\/\/elibragerphotography.com\/amadeus-dyrepark-pa-stange\/"},"author":{"name":"elibrager","@id":"https:\/\/elibragerphotography.com\/#\/schema\/person\/2d49ba3051dc6c73bb511d324539efbe"},"headline":"Amadeus dyrepark p\u00e5 Stange","datePublished":"2012-10-21T19:57:50+00:00","mainEntityOfPage":{"@id":"https:\/\/elibragerphotography.com\/amadeus-dyrepark-pa-stange\/"},"wordCount":157,"commentCount":0,"publisher":{"@id":"https:\/\/elibragerphotography.com\/#\/schema\/person\/2d49ba3051dc6c73bb511d324539efbe"},"image":{"@id":"https:\/\/elibragerphotography.com\/amadeus-dyrepark-pa-stange\/#primaryimage"},"thumbnailUrl":"https:\/\/elibragerphotography.com\/wp-content\/uploads\/2012\/10\/1012-94.jpg","keywords":["Amadeus dyrepark","barn","dyr","Park"],"articleSection":["Dyr","H\u00f8st","Litt av hvert"],"inLanguage":"nb-NO","potentialAction":[{"@type":"CommentAction","name":"Comment","target":["https:\/\/elibragerphotography.com\/amadeus-dyrepark-pa-stange\/#respond"]}]},{"@type":"WebPage","@id":"https:\/\/elibragerphotography.com\/amadeus-dyrepark-pa-stange\/","url":"https:\/\/elibragerphotography.com\/amadeus-dyrepark-pa-stange\/","name":"Amadeus dyrepark p\u00e5 Stange - Eli Brager Photography","isPartOf":{"@id":"https:\/\/elibragerphotography.com\/#website"},"primaryImageOfPage":{"@id":"https:\/\/elibragerphotography.com\/amadeus-dyrepark-pa-stange\/#primaryimage"},"image":{"@id":"https:\/\/elibragerphotography.com\/amadeus-dyrepark-pa-stange\/#primaryimage"},"thumbnailUrl":"https:\/\/elibragerphotography.com\/wp-content\/uploads\/2012\/10\/1012-94.jpg","datePublished":"2012-10-21T19:57:50+00:00","breadcrumb":{"@id":"https:\/\/elibragerphotography.com\/amadeus-dyrepark-pa-stange\/#breadcrumb"},"inLanguage":"nb-NO","potentialAction":[{"@type":"ReadAction","target":["https:\/\/elibragerphotography.com\/amadeus-dyrepark-pa-stange\/"]}]},{"@type":"ImageObject","inLanguage":"nb-NO","@id":"https:\/\/elibragerphotography.com\/amadeus-dyrepark-pa-stange\/#primaryimage","url":"https:\/\/elibragerphotography.com\/wp-content\/uploads\/2012\/10\/1012-94.jpg","contentUrl":"https:\/\/elibragerphotography.com\/wp-content\/uploads\/2012\/10\/1012-94.jpg"},{"@type":"BreadcrumbList","@id":"https:\/\/elibragerphotography.com\/amadeus-dyrepark-pa-stange\/#breadcrumb","itemListElement":[{"@type":"ListItem","position":1,"name":"Home","item":"https:\/\/elibragerphotography.com\/"},{"@type":"ListItem","position":2,"name":"Amadeus dyrepark p\u00e5 Stange"}]},{"@type":"WebSite","@id":"https:\/\/elibragerphotography.com\/#website","url":"https:\/\/elibragerphotography.com\/","name":"Eli Brager Photography","description":"Om fotografering, reiser og livsglede!","publisher":{"@id":"https:\/\/elibragerphotography.com\/#\/schema\/person\/2d49ba3051dc6c73bb511d324539efbe"},"potentialAction":[{"@type":"SearchAction","target":{"@type":"EntryPoint","urlTemplate":"https:\/\/elibragerphotography.com\/?s={search_term_string}"},"query-input":{"@type":"PropertyValueSpecification","valueRequired":true,"valueName":"search_term_string"}}],"inLanguage":"nb-NO"},{"@type":["Person","Organization"],"@id":"https:\/\/elibragerphotography.com\/#\/schema\/person\/2d49ba3051dc6c73bb511d324539efbe","name":"elibrager","image":{"@type":"ImageObject","inLanguage":"nb-NO","@id":"https:\/\/i0.wp.com\/elibragerphotography.com\/wp-content\/uploads\/2025\/08\/img_1334.jpeg?fit=1536%2C2048&quality=80&strip=all&ssl=1","url":"https:\/\/i0.wp.com\/elibragerphotography.com\/wp-content\/uploads\/2025\/08\/img_1334.jpeg?fit=1536%2C2048&quality=80&strip=all&ssl=1","contentUrl":"https:\/\/i0.wp.com\/elibragerphotography.com\/wp-content\/uploads\/2025\/08\/img_1334.jpeg?fit=1536%2C2048&quality=80&strip=all&ssl=1","width":1536,"height":2048,"caption":"elibrager"},"logo":{"@id":"https:\/\/i0.wp.com\/elibragerphotography.com\/wp-content\/uploads\/2025\/08\/img_1334.jpeg?fit=1536%2C2048&quality=80&strip=all&ssl=1"},"description":"About Me Hi, I\u2019m Eli Irene Brager \u2013 photographer, writer, and lifelong wanderer in the quiet landscapes of the heart. Through my lens, I seek more than just images. I seek presence. I believe photography is not only about what we see, but how we see \u2014 how we meet the world with open eyes and a quiet mind. For me, photography is a way of listening. A form of mindfulness. A practice of stillness and wonder. I\u2019m also a globetrotter at heart. I love traveling and discovering new places with my camera \u2013 from quiet corners of nature to vibrant city streets. My blog reflects this love for exploring, with stories and photographs gathered along the way. Each journey deepens my appreciation for light, texture, and the way places speak if we take the time to listen. I photograph with both DSLR and iPhone, always guided by what moves me rather than by gear or trends. I created this space to share moments that speak, not shout. Images that invite you to pause. To feel. To breathe. Whether you\u2019re a fellow photographer or someone simply seeking calm in a noisy world, I hope you\u2019ll find something here that resonates. When I\u2019m not behind the camera, I write about mindful photography, run a Norwegian photo community called Se Utover, and create courses that combine creativity, presence, and personal growth. Thank you for visiting. I\u2019m so glad you\u2019re here.","sameAs":["http:\/\/elibragerphotography.com","https:\/\/www.facebook.com\/EliBragerPhotography","https:\/\/www.instagram.com\/elibrager","https:\/\/www.youtube.com\/@bragerfoto9838"],"url":"https:\/\/elibragerphotography.com\/nb\/author\/elibrager\/"}]}},"jetpack_publicize_connections":[],"jetpack_likes_enabled":true,"jetpack_sharing_enabled":true,"jetpack_shortlink":"https:\/\/wp.me\/p29FsT-am","jetpack_featured_media_url":"","_links":{"self":[{"href":"https:\/\/elibragerphotography.com\/nb\/wp-json\/wp\/v2\/posts\/642","targetHints":{"allow":["GET"]}}],"collection":[{"href":"https:\/\/elibragerphotography.com\/nb\/wp-json\/wp\/v2\/posts"}],"about":[{"href":"https:\/\/elibragerphotography.com\/nb\/wp-json\/wp\/v2\/types\/post"}],"author":[{"embeddable":true,"href":"https:\/\/elibragerphotography.com\/nb\/wp-json\/wp\/v2\/users\/8754777"}],"replies":[{"embeddable":true,"href":"https:\/\/elibragerphotography.com\/nb\/wp-json\/wp\/v2\/comments?post=642"}],"version-history":[{"count":8,"href":"https:\/\/elibragerphotography.com\/nb\/wp-json\/wp\/v2\/posts\/642\/revisions"}],"predecessor-version":[{"id":4775,"href":"https:\/\/elibragerphotography.com\/nb\/wp-json\/wp\/v2\/posts\/642\/revisions\/4775"}],"wp:attachment":[{"href":"https:\/\/elibragerphotography.com\/nb\/wp-json\/wp\/v2\/media?parent=642"}],"wp:term":[{"taxonomy":"category","embeddable":true,"href":"https:\/\/elibragerphotography.com\/nb\/wp-json\/wp\/v2\/categories?post=642"},{"taxonomy":"post_tag","embeddable":true,"href":"https:\/\/elibragerphotography.com\/nb\/wp-json\/wp\/v2\/tags?post=642"}],"curies":[{"name":"wp","href":"https:\/\/api.w.org\/{rel}","templated":true}]}}