{"id":589,"date":"2012-09-13T20:56:54","date_gmt":"2012-09-13T20:56:54","guid":{"rendered":"http:\/\/elibragerphotography.com\/?p=589"},"modified":"2012-09-13T20:56:54","modified_gmt":"2012-09-13T20:56:54","slug":"ny-fuglemate-stasjon","status":"publish","type":"post","link":"https:\/\/elibragerphotography.com\/nb\/ny-fuglemate-stasjon\/","title":{"rendered":"Ny fuglemate stasjon"},"content":{"rendered":"<p>Med god hjelp av min kj\u00e6re sist s\u00f8ndag klargjorde vi et lite omr\u00e5de p\u00e5 hytta til fuglematestasjon. I gjennom fotograferingen startet ogs\u00e5 fugle interessen, og det ser ut til at den ikke gir seg heller. Denne vinteren har jeg tenkt \u00e5 ta noen dagsturer utover til hytta for \u00e5 fotografere sm\u00e5fugl. I ettermiddag tok jeg turen innom en landbruksbutikk og fikk kj\u00f8pt meg et fuglebrett med tak og en st\u00f8rre nettingfuglemater pluss mye fuglefor. Jeg satte opp dette etter beste evne, og med et noe hjemme laget stubbebord i tillegg som jeg helte solsikkefr\u00f8 utover, tror jeg fuglene skulle ha mat for en stund. N\u00e5 m\u00e5 jeg en tur utover til helgen for \u00e5 se om det er interesse for maten. S\u00e5 kanskje denne vinteren er tilbake til sm\u00e5fuglfotografering, det hadde v\u00e6rt g\u00f8y. De to f\u00f8rste bildene er tatt med mobilen, fuglebildene er tatt med Nikon D300 og Nikon 300mm .<\/p>\n<p><a href=\"https:\/\/i0.wp.com\/elibragerphotography.com\/wp-content\/uploads\/2012\/09\/1209-0112.jpg?ssl=1\"><img data-recalc-dims=\"1\" loading=\"lazy\" decoding=\"async\" data-attachment-id=\"591\" data-permalink=\"https:\/\/elibragerphotography.com\/nb\/ny-fuglemate-stasjon\/1209-0112\/\" data-orig-file=\"https:\/\/i0.wp.com\/elibragerphotography.com\/wp-content\/uploads\/2012\/09\/1209-0112.jpg?fit=3264%2C2448&amp;ssl=1\" data-orig-size=\"3264,2448\" data-comments-opened=\"1\" data-image-meta=\"{&quot;aperture&quot;:&quot;1&quot;,&quot;credit&quot;:&quot;&quot;,&quot;camera&quot;:&quot;W995&quot;,&quot;caption&quot;:&quot;&quot;,&quot;created_timestamp&quot;:&quot;1347557549&quot;,&quot;copyright&quot;:&quot;&quot;,&quot;focal_length&quot;:&quot;0.99933621737499&quot;,&quot;iso&quot;:&quot;64&quot;,&quot;shutter_speed&quot;:&quot;0.67011160717158&quot;,&quot;title&quot;:&quot;&quot;}\" data-image-title=\"1209-0112\" data-image-description=\"\" data-image-caption=\"\" data-large-file=\"https:\/\/i0.wp.com\/elibragerphotography.com\/wp-content\/uploads\/2012\/09\/1209-0112.jpg?fit=1024%2C768&amp;ssl=1\" class=\"aligncenter size-full wp-image-591\" title=\"1209-0112\" src=\"https:\/\/i0.wp.com\/elibragerphotography.com\/wp-content\/uploads\/2012\/09\/1209-0112.jpg?resize=600%2C450&#038;ssl=1\" alt=\"\" width=\"600\" height=\"450\" \/><\/a><\/p>\n<p><a href=\"https:\/\/i0.wp.com\/elibragerphotography.com\/wp-content\/uploads\/2012\/09\/1209-0111.jpg?ssl=1\"><img data-recalc-dims=\"1\" loading=\"lazy\" decoding=\"async\" data-attachment-id=\"590\" data-permalink=\"https:\/\/elibragerphotography.com\/nb\/ny-fuglemate-stasjon\/1209-0111\/\" data-orig-file=\"https:\/\/i0.wp.com\/elibragerphotography.com\/wp-content\/uploads\/2012\/09\/1209-0111.jpg?fit=3264%2C2448&amp;ssl=1\" data-orig-size=\"3264,2448\" data-comments-opened=\"1\" data-image-meta=\"{&quot;aperture&quot;:&quot;1&quot;,&quot;credit&quot;:&quot;&quot;,&quot;camera&quot;:&quot;W995&quot;,&quot;caption&quot;:&quot;&quot;,&quot;created_timestamp&quot;:&quot;1347557534&quot;,&quot;copyright&quot;:&quot;&quot;,&quot;focal_length&quot;:&quot;0.99933621119544&quot;,&quot;iso&quot;:&quot;64&quot;,&quot;shutter_speed&quot;:&quot;0.67011160717158&quot;,&quot;title&quot;:&quot;&quot;}\" data-image-title=\"1209-0111\" data-image-description=\"\" data-image-caption=\"\" data-large-file=\"https:\/\/i0.wp.com\/elibragerphotography.com\/wp-content\/uploads\/2012\/09\/1209-0111.jpg?fit=1024%2C768&amp;ssl=1\" class=\"aligncenter size-full wp-image-590\" title=\"1209-0111\" src=\"https:\/\/i0.wp.com\/elibragerphotography.com\/wp-content\/uploads\/2012\/09\/1209-0111.jpg?resize=600%2C450&#038;ssl=1\" alt=\"\" width=\"600\" height=\"450\" \/><\/a><\/p>\n<p>Trilleb\u00e5ra og sagakrakken skal naturligvis bort, og s\u00e5 ser jeg for meg at, einer, rogn og bjerk blir fine kulisser. Det er h\u00f8st i lufta, m\u00e5tte skrape is av bilruta i dag tidlig.\u00a0 Tar med noen bilder fra tidligere \u00e5rs sm\u00e5fuglfotografering.<\/p>\n<figure id=\"attachment_594\" aria-describedby=\"caption-attachment-594\" style=\"width: 600px\" class=\"wp-caption aligncenter\"><a href=\"https:\/\/i0.wp.com\/elibragerphotography.com\/wp-content\/uploads\/2012\/09\/1110-0341.jpg?ssl=1\"><img data-recalc-dims=\"1\" loading=\"lazy\" decoding=\"async\" data-attachment-id=\"594\" data-permalink=\"https:\/\/elibragerphotography.com\/nb\/ny-fuglemate-stasjon\/1110-0341\/\" data-orig-file=\"https:\/\/i0.wp.com\/elibragerphotography.com\/wp-content\/uploads\/2012\/09\/1110-0341.jpg?fit=1024%2C680&amp;ssl=1\" data-orig-size=\"1024,680\" data-comments-opened=\"1\" data-image-meta=\"{&quot;aperture&quot;:&quot;5.6&quot;,&quot;credit&quot;:&quot;&quot;,&quot;camera&quot;:&quot;NIKON D300&quot;,&quot;caption&quot;:&quot;&quot;,&quot;created_timestamp&quot;:&quot;1318089457&quot;,&quot;copyright&quot;:&quot;&quot;,&quot;focal_length&quot;:&quot;420&quot;,&quot;iso&quot;:&quot;220&quot;,&quot;shutter_speed&quot;:&quot;0.0015625&quot;,&quot;title&quot;:&quot;&quot;}\" data-image-title=\"1110-0341\" data-image-description=\"\" data-image-caption=\"\" data-large-file=\"https:\/\/i0.wp.com\/elibragerphotography.com\/wp-content\/uploads\/2012\/09\/1110-0341.jpg?fit=1024%2C680&amp;ssl=1\" class=\"size-full wp-image-594\" title=\"1110-0341\" src=\"https:\/\/i0.wp.com\/elibragerphotography.com\/wp-content\/uploads\/2012\/09\/1110-0341.jpg?resize=600%2C398&#038;ssl=1\" alt=\"Flaggspett\" width=\"600\" height=\"398\" \/><\/a><figcaption id=\"caption-attachment-594\" class=\"wp-caption-text\">Flaggspett<\/figcaption><\/figure>\n<figure id=\"attachment_593\" aria-describedby=\"caption-attachment-593\" style=\"width: 600px\" class=\"wp-caption aligncenter\"><a href=\"https:\/\/i0.wp.com\/elibragerphotography.com\/wp-content\/uploads\/2012\/09\/1110-0225.jpg?ssl=1\"><img data-recalc-dims=\"1\" loading=\"lazy\" decoding=\"async\" data-attachment-id=\"593\" data-permalink=\"https:\/\/elibragerphotography.com\/nb\/ny-fuglemate-stasjon\/1110-0225\/\" data-orig-file=\"https:\/\/i0.wp.com\/elibragerphotography.com\/wp-content\/uploads\/2012\/09\/1110-0225.jpg?fit=970%2C1024&amp;ssl=1\" data-orig-size=\"970,1024\" data-comments-opened=\"1\" data-image-meta=\"{&quot;aperture&quot;:&quot;5.6&quot;,&quot;credit&quot;:&quot;&quot;,&quot;camera&quot;:&quot;NIKON D300&quot;,&quot;caption&quot;:&quot;&quot;,&quot;created_timestamp&quot;:&quot;1317997319&quot;,&quot;copyright&quot;:&quot;&quot;,&quot;focal_length&quot;:&quot;420&quot;,&quot;iso&quot;:&quot;900&quot;,&quot;shutter_speed&quot;:&quot;0.0015625&quot;,&quot;title&quot;:&quot;&quot;}\" data-image-title=\"1110-0225\" data-image-description=\"\" data-image-caption=\"\" data-large-file=\"https:\/\/i0.wp.com\/elibragerphotography.com\/wp-content\/uploads\/2012\/09\/1110-0225.jpg?fit=970%2C1024&amp;ssl=1\" class=\"size-full wp-image-593\" title=\"1110-0225\" src=\"https:\/\/i0.wp.com\/elibragerphotography.com\/wp-content\/uploads\/2012\/09\/1110-0225.jpg?resize=600%2C633&#038;ssl=1\" alt=\"Kj\u00f8ttmeis\" width=\"600\" height=\"633\" \/><\/a><figcaption id=\"caption-attachment-593\" class=\"wp-caption-text\">Kj\u00f8ttmeis<\/figcaption><\/figure>\n<figure id=\"attachment_592\" aria-describedby=\"caption-attachment-592\" style=\"width: 600px\" class=\"wp-caption aligncenter\"><a href=\"https:\/\/i0.wp.com\/elibragerphotography.com\/wp-content\/uploads\/2012\/09\/1110-0095.jpg?ssl=1\"><img data-recalc-dims=\"1\" loading=\"lazy\" decoding=\"async\" data-attachment-id=\"592\" data-permalink=\"https:\/\/elibragerphotography.com\/nb\/ny-fuglemate-stasjon\/1110-0095\/\" data-orig-file=\"https:\/\/i0.wp.com\/elibragerphotography.com\/wp-content\/uploads\/2012\/09\/1110-0095.jpg?fit=1024%2C680&amp;ssl=1\" data-orig-size=\"1024,680\" data-comments-opened=\"1\" data-image-meta=\"{&quot;aperture&quot;:&quot;8&quot;,&quot;credit&quot;:&quot;&quot;,&quot;camera&quot;:&quot;NIKON D300&quot;,&quot;caption&quot;:&quot;&quot;,&quot;created_timestamp&quot;:&quot;1317827644&quot;,&quot;copyright&quot;:&quot;&quot;,&quot;focal_length&quot;:&quot;420&quot;,&quot;iso&quot;:&quot;200&quot;,&quot;shutter_speed&quot;:&quot;0.004&quot;,&quot;title&quot;:&quot;&quot;}\" data-image-title=\"1110-0095\" data-image-description=\"\" data-image-caption=\"&lt;p&gt;Spettmeis&lt;\/p&gt;\" data-large-file=\"https:\/\/i0.wp.com\/elibragerphotography.com\/wp-content\/uploads\/2012\/09\/1110-0095.jpg?fit=1024%2C680&amp;ssl=1\" class=\"size-full wp-image-592\" title=\"1110-0095\" src=\"https:\/\/i0.wp.com\/elibragerphotography.com\/wp-content\/uploads\/2012\/09\/1110-0095.jpg?resize=600%2C398&#038;ssl=1\" alt=\"Spettmeis\" width=\"600\" height=\"398\" \/><\/a><figcaption id=\"caption-attachment-592\" class=\"wp-caption-text\">Spettmeis<\/figcaption><\/figure>","protected":false},"excerpt":{"rendered":"<p>Med god hjelp av min kj\u00e6re sist s\u00f8ndag klargjorde vi et lite omr\u00e5de p\u00e5 hytta til fuglematestasjon. I gjennom fotograferingen startet ogs\u00e5 fugle interessen, og det ser ut til at den ikke gir seg heller. Denne vinteren har jeg tenkt \u00e5 ta noen dagsturer utover til hytta for \u00e5 fotografere sm\u00e5fugl. I ettermiddag tok jeg&#8230;<\/p>","protected":false},"author":8754777,"featured_media":0,"comment_status":"open","ping_status":"open","sticky":false,"template":"","format":"standard","meta":{"_coblocks_attr":"","_coblocks_dimensions":"","_coblocks_responsive_height":"","_coblocks_accordion_ie_support":"","_kad_post_transparent":"","_kad_post_title":"","_kad_post_layout":"","_kad_post_sidebar_id":"","_kad_post_content_style":"","_kad_post_vertical_padding":"","_kad_post_feature":"","_kad_post_feature_position":"","_kad_post_header":false,"_kad_post_footer":false,"_kad_post_classname":"","_jetpack_newsletter_access":"","_jetpack_dont_email_post_to_subs":false,"_jetpack_newsletter_tier_id":0,"_jetpack_memberships_contains_paywalled_content":false,"_jetpack_memberships_contains_paid_content":false,"footnotes":"","jetpack_publicize_message":"","jetpack_publicize_feature_enabled":true,"jetpack_social_post_already_shared":false,"jetpack_social_options":{"image_generator_settings":{"template":"highway","default_image_id":0,"font":"","enabled":false},"version":2},"_wpas_customize_per_network":false,"jetpack_post_was_ever_published":false},"categories":[1242293],"tags":[17614668,112494852,112494856,66105381,9165462,14177253,11967847],"class_list":["post-589","post","type-post","status-publish","format-standard","hentry","category-fugler","tag-flaggspett","tag-fugleforing","tag-fuglemate-stasjon","tag-kjottmeis","tag-meis","tag-spett","tag-spettmeis"],"yoast_head":"<!-- This site is optimized with the Yoast SEO plugin v27.4 - https:\/\/yoast.com\/product\/yoast-seo-wordpress\/ -->\n<title>Ny fuglemate stasjon - Eli Brager Photography<\/title>\n<meta name=\"robots\" content=\"index, follow, max-snippet:-1, max-image-preview:large, max-video-preview:-1\" \/>\n<link rel=\"canonical\" href=\"https:\/\/elibragerphotography.com\/nb\/ny-fuglemate-stasjon\/\" \/>\n<meta property=\"og:locale\" content=\"nb_NO\" \/>\n<meta property=\"og:type\" content=\"article\" \/>\n<meta property=\"og:title\" content=\"Ny fuglemate stasjon - Eli Brager Photography\" \/>\n<meta property=\"og:description\" content=\"Med god hjelp av min kj\u00e6re sist s\u00f8ndag klargjorde vi et lite omr\u00e5de p\u00e5 hytta til fuglematestasjon. I gjennom fotograferingen startet ogs\u00e5 fugle interessen, og det ser ut til at den ikke gir seg heller. Denne vinteren har jeg tenkt \u00e5 ta noen dagsturer utover til hytta for \u00e5 fotografere sm\u00e5fugl. I ettermiddag tok jeg...\" \/>\n<meta property=\"og:url\" content=\"https:\/\/elibragerphotography.com\/nb\/ny-fuglemate-stasjon\/\" \/>\n<meta property=\"og:site_name\" content=\"Eli Brager Photography\" \/>\n<meta property=\"article:publisher\" content=\"https:\/\/www.facebook.com\/EliBragerPhotography\" \/>\n<meta property=\"article:author\" content=\"https:\/\/www.facebook.com\/EliBragerPhotography\" \/>\n<meta property=\"article:published_time\" content=\"2012-09-13T20:56:54+00:00\" \/>\n<meta property=\"og:image\" content=\"https:\/\/elibragerphotography.com\/wp-content\/uploads\/2012\/09\/1209-0112.jpg\" \/>\n<meta name=\"author\" content=\"elibrager\" \/>\n<meta name=\"twitter:card\" content=\"summary_large_image\" \/>\n<meta name=\"twitter:label1\" content=\"Skrevet av\" \/>\n\t<meta name=\"twitter:data1\" content=\"elibrager\" \/>\n\t<meta name=\"twitter:label2\" content=\"Ansl. lesetid\" \/>\n\t<meta name=\"twitter:data2\" content=\"1 minutt\" \/>\n<script type=\"application\/ld+json\" class=\"yoast-schema-graph\">{\"@context\":\"https:\\\/\\\/schema.org\",\"@graph\":[{\"@type\":\"Article\",\"@id\":\"https:\\\/\\\/elibragerphotography.com\\\/ny-fuglemate-stasjon\\\/#article\",\"isPartOf\":{\"@id\":\"https:\\\/\\\/elibragerphotography.com\\\/ny-fuglemate-stasjon\\\/\"},\"author\":{\"name\":\"elibrager\",\"@id\":\"https:\\\/\\\/elibragerphotography.com\\\/#\\\/schema\\\/person\\\/2d49ba3051dc6c73bb511d324539efbe\"},\"headline\":\"Ny fuglemate stasjon\",\"datePublished\":\"2012-09-13T20:56:54+00:00\",\"mainEntityOfPage\":{\"@id\":\"https:\\\/\\\/elibragerphotography.com\\\/ny-fuglemate-stasjon\\\/\"},\"wordCount\":230,\"commentCount\":1,\"publisher\":{\"@id\":\"https:\\\/\\\/elibragerphotography.com\\\/#\\\/schema\\\/person\\\/2d49ba3051dc6c73bb511d324539efbe\"},\"image\":{\"@id\":\"https:\\\/\\\/elibragerphotography.com\\\/ny-fuglemate-stasjon\\\/#primaryimage\"},\"thumbnailUrl\":\"https:\\\/\\\/elibragerphotography.com\\\/wp-content\\\/uploads\\\/2012\\\/09\\\/1209-0112.jpg\",\"keywords\":[\"Flaggspett\",\"Fugleforing\",\"Fuglemate stasjon\",\"Kj\u00f8ttmeis\",\"Meis\",\"Spett\",\"Spettmeis\"],\"articleSection\":[\"Fugler\"],\"inLanguage\":\"nb-NO\",\"potentialAction\":[{\"@type\":\"CommentAction\",\"name\":\"Comment\",\"target\":[\"https:\\\/\\\/elibragerphotography.com\\\/ny-fuglemate-stasjon\\\/#respond\"]}]},{\"@type\":\"WebPage\",\"@id\":\"https:\\\/\\\/elibragerphotography.com\\\/ny-fuglemate-stasjon\\\/\",\"url\":\"https:\\\/\\\/elibragerphotography.com\\\/ny-fuglemate-stasjon\\\/\",\"name\":\"Ny fuglemate stasjon - Eli Brager Photography\",\"isPartOf\":{\"@id\":\"https:\\\/\\\/elibragerphotography.com\\\/#website\"},\"primaryImageOfPage\":{\"@id\":\"https:\\\/\\\/elibragerphotography.com\\\/ny-fuglemate-stasjon\\\/#primaryimage\"},\"image\":{\"@id\":\"https:\\\/\\\/elibragerphotography.com\\\/ny-fuglemate-stasjon\\\/#primaryimage\"},\"thumbnailUrl\":\"https:\\\/\\\/elibragerphotography.com\\\/wp-content\\\/uploads\\\/2012\\\/09\\\/1209-0112.jpg\",\"datePublished\":\"2012-09-13T20:56:54+00:00\",\"breadcrumb\":{\"@id\":\"https:\\\/\\\/elibragerphotography.com\\\/ny-fuglemate-stasjon\\\/#breadcrumb\"},\"inLanguage\":\"nb-NO\",\"potentialAction\":[{\"@type\":\"ReadAction\",\"target\":[\"https:\\\/\\\/elibragerphotography.com\\\/ny-fuglemate-stasjon\\\/\"]}]},{\"@type\":\"ImageObject\",\"inLanguage\":\"nb-NO\",\"@id\":\"https:\\\/\\\/elibragerphotography.com\\\/ny-fuglemate-stasjon\\\/#primaryimage\",\"url\":\"https:\\\/\\\/elibragerphotography.com\\\/wp-content\\\/uploads\\\/2012\\\/09\\\/1209-0112.jpg\",\"contentUrl\":\"https:\\\/\\\/elibragerphotography.com\\\/wp-content\\\/uploads\\\/2012\\\/09\\\/1209-0112.jpg\"},{\"@type\":\"BreadcrumbList\",\"@id\":\"https:\\\/\\\/elibragerphotography.com\\\/ny-fuglemate-stasjon\\\/#breadcrumb\",\"itemListElement\":[{\"@type\":\"ListItem\",\"position\":1,\"name\":\"Home\",\"item\":\"https:\\\/\\\/elibragerphotography.com\\\/\"},{\"@type\":\"ListItem\",\"position\":2,\"name\":\"Ny fuglemate stasjon\"}]},{\"@type\":\"WebSite\",\"@id\":\"https:\\\/\\\/elibragerphotography.com\\\/#website\",\"url\":\"https:\\\/\\\/elibragerphotography.com\\\/\",\"name\":\"Eli Brager Photography\",\"description\":\"About Photography, Travelling and joy of life!\",\"publisher\":{\"@id\":\"https:\\\/\\\/elibragerphotography.com\\\/#\\\/schema\\\/person\\\/2d49ba3051dc6c73bb511d324539efbe\"},\"potentialAction\":[{\"@type\":\"SearchAction\",\"target\":{\"@type\":\"EntryPoint\",\"urlTemplate\":\"https:\\\/\\\/elibragerphotography.com\\\/?s={search_term_string}\"},\"query-input\":{\"@type\":\"PropertyValueSpecification\",\"valueRequired\":true,\"valueName\":\"search_term_string\"}}],\"inLanguage\":\"nb-NO\"},{\"@type\":[\"Person\",\"Organization\"],\"@id\":\"https:\\\/\\\/elibragerphotography.com\\\/#\\\/schema\\\/person\\\/2d49ba3051dc6c73bb511d324539efbe\",\"name\":\"elibrager\",\"image\":{\"@type\":\"ImageObject\",\"inLanguage\":\"nb-NO\",\"@id\":\"https:\\\/\\\/i0.wp.com\\\/elibragerphotography.com\\\/wp-content\\\/uploads\\\/2025\\\/08\\\/img_1334.jpeg?fit=1536%2C2048&quality=80&strip=all&ssl=1\",\"url\":\"https:\\\/\\\/i0.wp.com\\\/elibragerphotography.com\\\/wp-content\\\/uploads\\\/2025\\\/08\\\/img_1334.jpeg?fit=1536%2C2048&quality=80&strip=all&ssl=1\",\"contentUrl\":\"https:\\\/\\\/i0.wp.com\\\/elibragerphotography.com\\\/wp-content\\\/uploads\\\/2025\\\/08\\\/img_1334.jpeg?fit=1536%2C2048&quality=80&strip=all&ssl=1\",\"width\":1536,\"height\":2048,\"caption\":\"elibrager\"},\"logo\":{\"@id\":\"https:\\\/\\\/i0.wp.com\\\/elibragerphotography.com\\\/wp-content\\\/uploads\\\/2025\\\/08\\\/img_1334.jpeg?fit=1536%2C2048&quality=80&strip=all&ssl=1\"},\"description\":\"About Me Hi, I\u2019m Eli Irene Brager \u2013 photographer, writer, and lifelong wanderer in the quiet landscapes of the heart. Through my lens, I seek more than just images. I seek presence. I believe photography is not only about what we see, but how we see \u2014 how we meet the world with open eyes and a quiet mind. For me, photography is a way of listening. A form of mindfulness. A practice of stillness and wonder. I\u2019m also a globetrotter at heart. I love traveling and discovering new places with my camera \u2013 from quiet corners of nature to vibrant city streets. My blog reflects this love for exploring, with stories and photographs gathered along the way. Each journey deepens my appreciation for light, texture, and the way places speak if we take the time to listen. I photograph with both DSLR and iPhone, always guided by what moves me rather than by gear or trends. I created this space to share moments that speak, not shout. Images that invite you to pause. To feel. To breathe. Whether you\u2019re a fellow photographer or someone simply seeking calm in a noisy world, I hope you\u2019ll find something here that resonates. When I\u2019m not behind the camera, I write about mindful photography, run a Norwegian photo community called Se Utover, and create courses that combine creativity, presence, and personal growth. Thank you for visiting. I\u2019m so glad you\u2019re here.\",\"sameAs\":[\"http:\\\/\\\/elibragerphotography.com\",\"https:\\\/\\\/www.facebook.com\\\/EliBragerPhotography\",\"https:\\\/\\\/www.instagram.com\\\/elibrager\",\"https:\\\/\\\/www.youtube.com\\\/@bragerfoto9838\"],\"url\":\"https:\\\/\\\/elibragerphotography.com\\\/nb\\\/author\\\/elibrager\\\/\"}]}<\/script>\n<!-- \/ Yoast SEO plugin. -->","yoast_head_json":{"title":"Ny fuglemate stasjon - Eli Brager Photography","robots":{"index":"index","follow":"follow","max-snippet":"max-snippet:-1","max-image-preview":"max-image-preview:large","max-video-preview":"max-video-preview:-1"},"canonical":"https:\/\/elibragerphotography.com\/nb\/ny-fuglemate-stasjon\/","og_locale":"nb_NO","og_type":"article","og_title":"Ny fuglemate stasjon - Eli Brager Photography","og_description":"Med god hjelp av min kj\u00e6re sist s\u00f8ndag klargjorde vi et lite omr\u00e5de p\u00e5 hytta til fuglematestasjon. I gjennom fotograferingen startet ogs\u00e5 fugle interessen, og det ser ut til at den ikke gir seg heller. Denne vinteren har jeg tenkt \u00e5 ta noen dagsturer utover til hytta for \u00e5 fotografere sm\u00e5fugl. I ettermiddag tok jeg...","og_url":"https:\/\/elibragerphotography.com\/nb\/ny-fuglemate-stasjon\/","og_site_name":"Eli Brager Photography","article_publisher":"https:\/\/www.facebook.com\/EliBragerPhotography","article_author":"https:\/\/www.facebook.com\/EliBragerPhotography","article_published_time":"2012-09-13T20:56:54+00:00","og_image":[{"url":"https:\/\/elibragerphotography.com\/wp-content\/uploads\/2012\/09\/1209-0112.jpg","type":"","width":"","height":""}],"author":"elibrager","twitter_card":"summary_large_image","twitter_misc":{"Skrevet av":"elibrager","Ansl. lesetid":"1 minutt"},"schema":{"@context":"https:\/\/schema.org","@graph":[{"@type":"Article","@id":"https:\/\/elibragerphotography.com\/ny-fuglemate-stasjon\/#article","isPartOf":{"@id":"https:\/\/elibragerphotography.com\/ny-fuglemate-stasjon\/"},"author":{"name":"elibrager","@id":"https:\/\/elibragerphotography.com\/#\/schema\/person\/2d49ba3051dc6c73bb511d324539efbe"},"headline":"Ny fuglemate stasjon","datePublished":"2012-09-13T20:56:54+00:00","mainEntityOfPage":{"@id":"https:\/\/elibragerphotography.com\/ny-fuglemate-stasjon\/"},"wordCount":230,"commentCount":1,"publisher":{"@id":"https:\/\/elibragerphotography.com\/#\/schema\/person\/2d49ba3051dc6c73bb511d324539efbe"},"image":{"@id":"https:\/\/elibragerphotography.com\/ny-fuglemate-stasjon\/#primaryimage"},"thumbnailUrl":"https:\/\/elibragerphotography.com\/wp-content\/uploads\/2012\/09\/1209-0112.jpg","keywords":["Flaggspett","Fugleforing","Fuglemate stasjon","Kj\u00f8ttmeis","Meis","Spett","Spettmeis"],"articleSection":["Fugler"],"inLanguage":"nb-NO","potentialAction":[{"@type":"CommentAction","name":"Comment","target":["https:\/\/elibragerphotography.com\/ny-fuglemate-stasjon\/#respond"]}]},{"@type":"WebPage","@id":"https:\/\/elibragerphotography.com\/ny-fuglemate-stasjon\/","url":"https:\/\/elibragerphotography.com\/ny-fuglemate-stasjon\/","name":"Ny fuglemate stasjon - Eli Brager Photography","isPartOf":{"@id":"https:\/\/elibragerphotography.com\/#website"},"primaryImageOfPage":{"@id":"https:\/\/elibragerphotography.com\/ny-fuglemate-stasjon\/#primaryimage"},"image":{"@id":"https:\/\/elibragerphotography.com\/ny-fuglemate-stasjon\/#primaryimage"},"thumbnailUrl":"https:\/\/elibragerphotography.com\/wp-content\/uploads\/2012\/09\/1209-0112.jpg","datePublished":"2012-09-13T20:56:54+00:00","breadcrumb":{"@id":"https:\/\/elibragerphotography.com\/ny-fuglemate-stasjon\/#breadcrumb"},"inLanguage":"nb-NO","potentialAction":[{"@type":"ReadAction","target":["https:\/\/elibragerphotography.com\/ny-fuglemate-stasjon\/"]}]},{"@type":"ImageObject","inLanguage":"nb-NO","@id":"https:\/\/elibragerphotography.com\/ny-fuglemate-stasjon\/#primaryimage","url":"https:\/\/elibragerphotography.com\/wp-content\/uploads\/2012\/09\/1209-0112.jpg","contentUrl":"https:\/\/elibragerphotography.com\/wp-content\/uploads\/2012\/09\/1209-0112.jpg"},{"@type":"BreadcrumbList","@id":"https:\/\/elibragerphotography.com\/ny-fuglemate-stasjon\/#breadcrumb","itemListElement":[{"@type":"ListItem","position":1,"name":"Home","item":"https:\/\/elibragerphotography.com\/"},{"@type":"ListItem","position":2,"name":"Ny fuglemate stasjon"}]},{"@type":"WebSite","@id":"https:\/\/elibragerphotography.com\/#website","url":"https:\/\/elibragerphotography.com\/","name":"Eli Brager Photography","description":"Om fotografering, reiser og livsglede!","publisher":{"@id":"https:\/\/elibragerphotography.com\/#\/schema\/person\/2d49ba3051dc6c73bb511d324539efbe"},"potentialAction":[{"@type":"SearchAction","target":{"@type":"EntryPoint","urlTemplate":"https:\/\/elibragerphotography.com\/?s={search_term_string}"},"query-input":{"@type":"PropertyValueSpecification","valueRequired":true,"valueName":"search_term_string"}}],"inLanguage":"nb-NO"},{"@type":["Person","Organization"],"@id":"https:\/\/elibragerphotography.com\/#\/schema\/person\/2d49ba3051dc6c73bb511d324539efbe","name":"elibrager","image":{"@type":"ImageObject","inLanguage":"nb-NO","@id":"https:\/\/i0.wp.com\/elibragerphotography.com\/wp-content\/uploads\/2025\/08\/img_1334.jpeg?fit=1536%2C2048&quality=80&strip=all&ssl=1","url":"https:\/\/i0.wp.com\/elibragerphotography.com\/wp-content\/uploads\/2025\/08\/img_1334.jpeg?fit=1536%2C2048&quality=80&strip=all&ssl=1","contentUrl":"https:\/\/i0.wp.com\/elibragerphotography.com\/wp-content\/uploads\/2025\/08\/img_1334.jpeg?fit=1536%2C2048&quality=80&strip=all&ssl=1","width":1536,"height":2048,"caption":"elibrager"},"logo":{"@id":"https:\/\/i0.wp.com\/elibragerphotography.com\/wp-content\/uploads\/2025\/08\/img_1334.jpeg?fit=1536%2C2048&quality=80&strip=all&ssl=1"},"description":"About Me Hi, I\u2019m Eli Irene Brager \u2013 photographer, writer, and lifelong wanderer in the quiet landscapes of the heart. Through my lens, I seek more than just images. I seek presence. I believe photography is not only about what we see, but how we see \u2014 how we meet the world with open eyes and a quiet mind. For me, photography is a way of listening. A form of mindfulness. A practice of stillness and wonder. I\u2019m also a globetrotter at heart. I love traveling and discovering new places with my camera \u2013 from quiet corners of nature to vibrant city streets. My blog reflects this love for exploring, with stories and photographs gathered along the way. Each journey deepens my appreciation for light, texture, and the way places speak if we take the time to listen. I photograph with both DSLR and iPhone, always guided by what moves me rather than by gear or trends. I created this space to share moments that speak, not shout. Images that invite you to pause. To feel. To breathe. Whether you\u2019re a fellow photographer or someone simply seeking calm in a noisy world, I hope you\u2019ll find something here that resonates. When I\u2019m not behind the camera, I write about mindful photography, run a Norwegian photo community called Se Utover, and create courses that combine creativity, presence, and personal growth. Thank you for visiting. I\u2019m so glad you\u2019re here.","sameAs":["http:\/\/elibragerphotography.com","https:\/\/www.facebook.com\/EliBragerPhotography","https:\/\/www.instagram.com\/elibrager","https:\/\/www.youtube.com\/@bragerfoto9838"],"url":"https:\/\/elibragerphotography.com\/nb\/author\/elibrager\/"}]}},"jetpack_publicize_connections":[],"jetpack_featured_media_url":"","jetpack_likes_enabled":true,"jetpack_sharing_enabled":true,"jetpack_shortlink":"https:\/\/wp.me\/p29FsT-9v","_links":{"self":[{"href":"https:\/\/elibragerphotography.com\/nb\/wp-json\/wp\/v2\/posts\/589","targetHints":{"allow":["GET"]}}],"collection":[{"href":"https:\/\/elibragerphotography.com\/nb\/wp-json\/wp\/v2\/posts"}],"about":[{"href":"https:\/\/elibragerphotography.com\/nb\/wp-json\/wp\/v2\/types\/post"}],"author":[{"embeddable":true,"href":"https:\/\/elibragerphotography.com\/nb\/wp-json\/wp\/v2\/users\/8754777"}],"replies":[{"embeddable":true,"href":"https:\/\/elibragerphotography.com\/nb\/wp-json\/wp\/v2\/comments?post=589"}],"version-history":[{"count":4,"href":"https:\/\/elibragerphotography.com\/nb\/wp-json\/wp\/v2\/posts\/589\/revisions"}],"predecessor-version":[{"id":597,"href":"https:\/\/elibragerphotography.com\/nb\/wp-json\/wp\/v2\/posts\/589\/revisions\/597"}],"wp:attachment":[{"href":"https:\/\/elibragerphotography.com\/nb\/wp-json\/wp\/v2\/media?parent=589"}],"wp:term":[{"taxonomy":"category","embeddable":true,"href":"https:\/\/elibragerphotography.com\/nb\/wp-json\/wp\/v2\/categories?post=589"},{"taxonomy":"post_tag","embeddable":true,"href":"https:\/\/elibragerphotography.com\/nb\/wp-json\/wp\/v2\/tags?post=589"}],"curies":[{"name":"wp","href":"https:\/\/api.w.org\/{rel}","templated":true}]}}