{"id":5859,"date":"2025-10-03T21:21:06","date_gmt":"2025-10-03T19:21:06","guid":{"rendered":"https:\/\/elibragerphotography.com\/?p=5859"},"modified":"2025-10-03T21:21:06","modified_gmt":"2025-10-03T19:21:06","slug":"bevegelse-stillhet-og-fotografering-i-vinden-%f0%9f%93%b8%f0%9f%8d%83","status":"publish","type":"post","link":"https:\/\/elibragerphotography.com\/nb\/bevegelse-stillhet-og-fotografering-i-vinden-%f0%9f%93%b8%f0%9f%8d%83\/","title":{"rendered":"Bevegelse, stillhet og fotografering i vinden \ud83d\udcf8\ud83c\udf43"},"content":{"rendered":"<p class=\"wp-block-paragraph\"><img data-recalc-dims=\"1\" decoding=\"async\" srcset=\"https:\/\/img.simplerousercontent.net\/scaled_image\/13399391\/4f415a3f0905241369d2a7f3b188a3dd60a94090\/IMG_7286-880w-495h.jpg 880w, https:\/\/img.simplerousercontent.net\/scaled_image\/13399391\/07fd8100e544267ce14c05dd58cdb3dbf751ae58\/IMG_7286-600w-338h.jpg 600w, https:\/\/img.simplerousercontent.net\/scaled_image\/13399391\/53341a460f573b96162a73b4b955763f19041dd1\/IMG_7286-400w-225h.jpg 400w\" src=\"https:\/\/i0.wp.com\/img.simplerousercontent.net\/scaled_image\/13399391\/4f415a3f0905241369d2a7f3b188a3dd60a94090\/IMG_7286-880w-495h.jpg?w=1290&#038;ssl=1\"><\/p>\n\n\n\n<p class=\"wp-block-paragraph\">Denne uka gikk fototuren v\u00e5r til vakre Alby p\u00e5 Jel\u00f8ya \u2013 et sted hvor naturen virkelig f\u00e5r vise seg frem, uansett v\u00e6r. Selv om det bl\u00e5ste godt og det bare var to av oss som m\u00f8tte opp til det planlagte mindfulle fototreffet, ble det en opplevelse fylt av ro, kreativitet og n\u00e6rv\u00e6r.<\/p>\n\n\n\n<p class=\"wp-block-paragraph\">Vi startet som vanlig med en&nbsp;<strong>stille meditasjon under tr\u00e6rne<\/strong>. Vinden raslet i bladene, og det f\u00f8ltes som om naturen pustet sammen med oss. \u00c5 lande i kroppen f\u00f8r man tar frem kameraet, gj\u00f8r noe med m\u00e5ten man sanser omgivelsene p\u00e5. \ud83c\udf2c\ufe0f\ud83c\udf33<\/p>\n\n\n\n<p class=\"wp-block-paragraph\">Etter meditasjonen tok jeg frem iPhonen og begynte \u00e5&nbsp;<strong>eksperimentere med lang lukkertid<\/strong>&nbsp;\u2013 en teknikk som virkelig passer i vindfullt v\u00e6r. Sivene b\u00f8lget, tr\u00e6rne svaiet og gresset danset \u2013 og det hele ble fanget i levende, abstrakte fotografier.<\/p>\n\n\n\n<h5 class=\"wp-block-heading\">\ud83d\udcf1 Slik kan du bruke iPhone til \u00e5 skape lang lukkertid-effekt:<\/h5>\n\n\n\n<p class=\"wp-block-paragraph\">Hvis du har en nyere iPhone og har aktivert&nbsp;<strong>Live Photo<\/strong>, kan du etterp\u00e5 velge en spesiell effekt som heter&nbsp;<strong>Lang eksponering<\/strong>. Det gj\u00f8r du slik:<\/p>\n\n\n\n<ol class=\"wp-block-list\">\n<li>\u00c5pne bildet i Bilder-appen.<\/li>\n\n\n\n<li>Sveip opp (eller trykk p\u00e5 \u00abLive\u00bb oppe til venstre).<\/li>\n\n\n\n<li>Velg\u00a0<strong>Lang eksponering<\/strong>\u00a0som effekt.<\/li>\n<\/ol>\n\n\n\n<p class=\"wp-block-paragraph\">Effekten gir en nydelig f\u00f8lelse av&nbsp;<strong>bevegelse og flyt<\/strong>, enten det er siv som vaier, vann som renner eller tr\u00e6r som danser i vinden. Det krever at du holder kamera i ro \u2013 eller du kan bruke et lite mobilstativ om du vil eksperimentere enda mer.<\/p>\n\n\n\n<p class=\"wp-block-paragraph\">\ud83d\udcf7 Har du Android?<br>Da finnes det flere gode alternativer:<br>\u2013 Mange Android-telefoner har en&nbsp;<strong>Pro-modus<\/strong>&nbsp;i kameraappen, hvor du kan stille inn lukkertiden manuelt (f.eks. til 1\/4 eller 1\/2 sekund).<br>\u2013 Hvis du ikke finner dette, kan du pr\u00f8ve en app som&nbsp;<strong>Camera FV-5<\/strong>,&nbsp;<strong>ProShot<\/strong>,&nbsp;<strong>Manual Camera<\/strong>&nbsp;eller&nbsp;<strong>Slow Shutter Cam<\/strong>&nbsp;for Android. Disse gir deg bedre kontroll over eksponering og bevegelse.<br>Husk \u00e5 holde mobilen s\u00e5 st\u00f8dig som mulig \u2013 et stativ eller en stein kan v\u00e6re gull verdt. \u2728<\/p>\n\n\n\n<p class=\"wp-block-paragraph\">\ud83d\udcf8 Her er noen av bildene jeg tok denne dagen:<\/p>\n\n\n\n<figure class=\"wp-block-image\"><img data-recalc-dims=\"1\" loading=\"lazy\" decoding=\"async\" width=\"1120\" height=\"1400\" data-attachment-id=\"5862\" data-permalink=\"https:\/\/elibragerphotography.com\/nb\/bevegelse-stillhet-og-fotografering-i-vinden-%f0%9f%93%b8%f0%9f%8d%83\/img_7289-1120w-1400h\/\" data-orig-file=\"https:\/\/i0.wp.com\/elibragerphotography.com\/wp-content\/uploads\/2025\/10\/IMG_7289-1120w-1400h.jpg?fit=1120%2C1400&amp;ssl=1\" data-orig-size=\"1120,1400\" data-comments-opened=\"1\" data-image-meta=\"{&quot;aperture&quot;:&quot;0&quot;,&quot;credit&quot;:&quot;&quot;,&quot;camera&quot;:&quot;&quot;,&quot;caption&quot;:&quot;&quot;,&quot;created_timestamp&quot;:&quot;0&quot;,&quot;copyright&quot;:&quot;&quot;,&quot;focal_length&quot;:&quot;0&quot;,&quot;iso&quot;:&quot;0&quot;,&quot;shutter_speed&quot;:&quot;0&quot;,&quot;title&quot;:&quot;&quot;,&quot;orientation&quot;:&quot;0&quot;}\" data-image-title=\"IMG_7289-1120w-1400h\" data-image-description=\"\" data-image-caption=\"\" data-large-file=\"https:\/\/i0.wp.com\/elibragerphotography.com\/wp-content\/uploads\/2025\/10\/IMG_7289-1120w-1400h.jpg?fit=819%2C1024&amp;ssl=1\" src=\"https:\/\/i0.wp.com\/elibragerphotography.com\/wp-content\/uploads\/2025\/10\/IMG_7289-1120w-1400h.jpg?resize=1120%2C1400&#038;ssl=1\" alt=\"IMG_7289\" class=\"wp-image-5862\" srcset=\"https:\/\/i0.wp.com\/elibragerphotography.com\/wp-content\/uploads\/2025\/10\/IMG_7289-1120w-1400h.jpg?w=1120&amp;ssl=1 1120w, https:\/\/i0.wp.com\/elibragerphotography.com\/wp-content\/uploads\/2025\/10\/IMG_7289-1120w-1400h.jpg?resize=240%2C300&amp;ssl=1 240w, https:\/\/i0.wp.com\/elibragerphotography.com\/wp-content\/uploads\/2025\/10\/IMG_7289-1120w-1400h.jpg?resize=819%2C1024&amp;ssl=1 819w, https:\/\/i0.wp.com\/elibragerphotography.com\/wp-content\/uploads\/2025\/10\/IMG_7289-1120w-1400h.jpg?resize=768%2C960&amp;ssl=1 768w, https:\/\/i0.wp.com\/elibragerphotography.com\/wp-content\/uploads\/2025\/10\/IMG_7289-1120w-1400h.jpg?resize=10%2C12&amp;ssl=1 10w\" sizes=\"auto, (max-width: 1120px) 100vw, 1120px\" \/><\/figure>\n\n\n\n<p class=\"wp-block-paragraph\"><em>Her syntes jeg det var s\u00e5 fint med de hvite plantene som vaiet foran treet i vinden, og treet og de gr\u00f8nne buskene i kontrast til forgrunnen.&nbsp;<\/em><\/p>\n\n\n\n<figure class=\"wp-block-image\"><img data-recalc-dims=\"1\" loading=\"lazy\" decoding=\"async\" width=\"1120\" height=\"1492\" data-attachment-id=\"5863\" data-permalink=\"https:\/\/elibragerphotography.com\/nb\/bevegelse-stillhet-og-fotografering-i-vinden-%f0%9f%93%b8%f0%9f%8d%83\/img_7298-1120w-1492h\/\" data-orig-file=\"https:\/\/i0.wp.com\/elibragerphotography.com\/wp-content\/uploads\/2025\/10\/IMG_7298-1120w-1492h.jpg?fit=1120%2C1492&amp;ssl=1\" data-orig-size=\"1120,1492\" data-comments-opened=\"1\" data-image-meta=\"{&quot;aperture&quot;:&quot;0&quot;,&quot;credit&quot;:&quot;&quot;,&quot;camera&quot;:&quot;&quot;,&quot;caption&quot;:&quot;&quot;,&quot;created_timestamp&quot;:&quot;0&quot;,&quot;copyright&quot;:&quot;&quot;,&quot;focal_length&quot;:&quot;0&quot;,&quot;iso&quot;:&quot;0&quot;,&quot;shutter_speed&quot;:&quot;0&quot;,&quot;title&quot;:&quot;&quot;,&quot;orientation&quot;:&quot;0&quot;}\" data-image-title=\"IMG_7298-1120w-1492h\" data-image-description=\"\" data-image-caption=\"\" data-large-file=\"https:\/\/i0.wp.com\/elibragerphotography.com\/wp-content\/uploads\/2025\/10\/IMG_7298-1120w-1492h.jpg?fit=769%2C1024&amp;ssl=1\" src=\"https:\/\/i0.wp.com\/elibragerphotography.com\/wp-content\/uploads\/2025\/10\/IMG_7298-1120w-1492h.jpg?resize=1120%2C1492&#038;ssl=1\" alt=\"IMG_7298\" class=\"wp-image-5863\" srcset=\"https:\/\/i0.wp.com\/elibragerphotography.com\/wp-content\/uploads\/2025\/10\/IMG_7298-1120w-1492h.jpg?w=1120&amp;ssl=1 1120w, https:\/\/i0.wp.com\/elibragerphotography.com\/wp-content\/uploads\/2025\/10\/IMG_7298-1120w-1492h.jpg?resize=225%2C300&amp;ssl=1 225w, https:\/\/i0.wp.com\/elibragerphotography.com\/wp-content\/uploads\/2025\/10\/IMG_7298-1120w-1492h.jpg?resize=769%2C1024&amp;ssl=1 769w, https:\/\/i0.wp.com\/elibragerphotography.com\/wp-content\/uploads\/2025\/10\/IMG_7298-1120w-1492h.jpg?resize=768%2C1023&amp;ssl=1 768w, https:\/\/i0.wp.com\/elibragerphotography.com\/wp-content\/uploads\/2025\/10\/IMG_7298-1120w-1492h.jpg?resize=9%2C12&amp;ssl=1 9w, https:\/\/i0.wp.com\/elibragerphotography.com\/wp-content\/uploads\/2025\/10\/IMG_7298-1120w-1492h.jpg?resize=900%2C1200&amp;ssl=1 900w, https:\/\/i0.wp.com\/elibragerphotography.com\/wp-content\/uploads\/2025\/10\/IMG_7298-1120w-1492h.jpg?resize=600%2C800&amp;ssl=1 600w, https:\/\/i0.wp.com\/elibragerphotography.com\/wp-content\/uploads\/2025\/10\/IMG_7298-1120w-1492h.jpg?resize=450%2C600&amp;ssl=1 450w, https:\/\/i0.wp.com\/elibragerphotography.com\/wp-content\/uploads\/2025\/10\/IMG_7298-1120w-1492h.jpg?resize=300%2C400&amp;ssl=1 300w, https:\/\/i0.wp.com\/elibragerphotography.com\/wp-content\/uploads\/2025\/10\/IMG_7298-1120w-1492h.jpg?resize=150%2C200&amp;ssl=1 150w\" sizes=\"auto, (max-width: 1120px) 100vw, 1120px\" \/><\/figure>\n\n\n\n<p class=\"wp-block-paragraph\"><em>Dette treet var jo vindskeivt fra f\u00f8r, og ble enda mer vindskeivt n\u00e5 n\u00e5r det bl\u00e5ste som det gjorde. Du ser ogs\u00e5 at gresset p\u00e5 bakken bl\u00e5ser. Jeg har rett og slett fanget bevegelsen.&nbsp;<\/em><\/p>\n\n\n\n<figure class=\"wp-block-image\"><img data-recalc-dims=\"1\" loading=\"lazy\" decoding=\"async\" width=\"1120\" height=\"1494\" data-attachment-id=\"5861\" data-permalink=\"https:\/\/elibragerphotography.com\/nb\/bevegelse-stillhet-og-fotografering-i-vinden-%f0%9f%93%b8%f0%9f%8d%83\/img_7328-1120w-1494h\/\" data-orig-file=\"https:\/\/i0.wp.com\/elibragerphotography.com\/wp-content\/uploads\/2025\/10\/IMG_7328-1120w-1494h.jpg?fit=1120%2C1494&amp;ssl=1\" data-orig-size=\"1120,1494\" data-comments-opened=\"1\" data-image-meta=\"{&quot;aperture&quot;:&quot;0&quot;,&quot;credit&quot;:&quot;&quot;,&quot;camera&quot;:&quot;&quot;,&quot;caption&quot;:&quot;&quot;,&quot;created_timestamp&quot;:&quot;0&quot;,&quot;copyright&quot;:&quot;&quot;,&quot;focal_length&quot;:&quot;0&quot;,&quot;iso&quot;:&quot;0&quot;,&quot;shutter_speed&quot;:&quot;0&quot;,&quot;title&quot;:&quot;&quot;,&quot;orientation&quot;:&quot;0&quot;}\" data-image-title=\"IMG_7328-1120w-1494h\" data-image-description=\"\" data-image-caption=\"\" data-large-file=\"https:\/\/i0.wp.com\/elibragerphotography.com\/wp-content\/uploads\/2025\/10\/IMG_7328-1120w-1494h.jpg?fit=768%2C1024&amp;ssl=1\" src=\"https:\/\/i0.wp.com\/elibragerphotography.com\/wp-content\/uploads\/2025\/10\/IMG_7328-1120w-1494h.jpg?resize=1120%2C1494&#038;ssl=1\" alt=\"IMG_7328\" class=\"wp-image-5861\" srcset=\"https:\/\/i0.wp.com\/elibragerphotography.com\/wp-content\/uploads\/2025\/10\/IMG_7328-1120w-1494h.jpg?w=1120&amp;ssl=1 1120w, https:\/\/i0.wp.com\/elibragerphotography.com\/wp-content\/uploads\/2025\/10\/IMG_7328-1120w-1494h.jpg?resize=225%2C300&amp;ssl=1 225w, https:\/\/i0.wp.com\/elibragerphotography.com\/wp-content\/uploads\/2025\/10\/IMG_7328-1120w-1494h.jpg?resize=768%2C1024&amp;ssl=1 768w, https:\/\/i0.wp.com\/elibragerphotography.com\/wp-content\/uploads\/2025\/10\/IMG_7328-1120w-1494h.jpg?resize=9%2C12&amp;ssl=1 9w, https:\/\/i0.wp.com\/elibragerphotography.com\/wp-content\/uploads\/2025\/10\/IMG_7328-1120w-1494h.jpg?resize=900%2C1200&amp;ssl=1 900w, https:\/\/i0.wp.com\/elibragerphotography.com\/wp-content\/uploads\/2025\/10\/IMG_7328-1120w-1494h.jpg?resize=600%2C800&amp;ssl=1 600w, https:\/\/i0.wp.com\/elibragerphotography.com\/wp-content\/uploads\/2025\/10\/IMG_7328-1120w-1494h.jpg?resize=450%2C600&amp;ssl=1 450w, https:\/\/i0.wp.com\/elibragerphotography.com\/wp-content\/uploads\/2025\/10\/IMG_7328-1120w-1494h.jpg?resize=300%2C400&amp;ssl=1 300w, https:\/\/i0.wp.com\/elibragerphotography.com\/wp-content\/uploads\/2025\/10\/IMG_7328-1120w-1494h.jpg?resize=150%2C200&amp;ssl=1 150w\" sizes=\"auto, (max-width: 1120px) 100vw, 1120px\" \/><\/figure>\n\n\n\n<p class=\"wp-block-paragraph\"><em>Og til sist dette bildet av siv som beveger seg i vinden. Det blir malersik, f\u00e5r en egen effekt og f\u00f8lelse. Jeg m\u00e5 si at jeg liker det. Gj\u00f8r du?<\/em><\/p>\n\n\n\n<p class=\"wp-block-paragraph\">Vi avsluttet turen med ro i kroppen og mange bilder p\u00e5 mobilen. Og mens jeg gikk langs stiene p\u00e5 Alby, tenkte jeg p\u00e5 hvor vakkert det er \u00e5&nbsp;<strong>la naturen vise vei i det kreative<\/strong>. Det handler ikke om det perfekte bildet \u2013 men om tilstedev\u00e6relse. Og om \u00e5 la seg forundre.<\/p>\n\n\n\n<p class=\"wp-block-paragraph\">Har du ikke v\u00e6rt p\u00e5 Alby f\u00f8r, anbefaler jeg det varmt. Her finner du b\u00e5de kulturlandskap, kyst, skog, \u00e5pent hav og&nbsp;<strong>Galleri F 15<\/strong>, med skiftende kunstutstillinger \u2013 en perfekt ramme for b\u00e5de sansning og fotografering.<\/p>\n\n\n\n<h3 class=\"wp-block-heading\">\ud83c\udfa8 Vil du pr\u00f8ve selv?<\/h3>\n\n\n\n<p class=\"wp-block-paragraph\">Neste gang det bl\u00e5ser ute \u2013 ta det som en invitasjon. G\u00e5 ut med mobilen, sl\u00e5 p\u00e5 Live Photo og&nbsp;<strong>lek med vinden<\/strong>. Kanskje det blir uventet, kanskje det blir uklart \u2013 men kanskje du fanger noe levende. Noe du ikke hadde sett ellers.<\/p>\n\n\n\n<p class=\"wp-block-paragraph\">\u00d8nsker deg en god helg \u2013 og h\u00e5per du tar med deg kameraet (eller mobilen) ut en tur \ud83c\udf3f\ud83d\udcf7<\/p>\n\n\n\n<p class=\"wp-block-paragraph\">Vil du h\u00f8re og se en video om denne turen ogs\u00e5? G\u00e5 til&nbsp;<a class=\"\" href=\"https:\/\/www.youtube.com\/@bragerfoto9838\" target=\"_blank\" rel=\"noreferrer noopener\">Se utover p\u00e5 YouTube<\/a>&nbsp;Her kan du ogs\u00e5 se flere videoer jeg har lagd til deg.&nbsp;<br>\u2013 Eli<br><em>Eli Brager Photography<\/em><\/p>","protected":false},"excerpt":{"rendered":"<p>Denne uka gikk fototuren v\u00e5r til vakre Alby p\u00e5 Jel\u00f8ya \u2013 et sted hvor naturen virkelig f\u00e5r vise seg frem, uansett v\u00e6r. Selv om det bl\u00e5ste godt og det bare var to av oss som m\u00f8tte opp til det planlagte mindfulle fototreffet, ble det en opplevelse fylt av ro, kreativitet og n\u00e6rv\u00e6r. Vi startet som&#8230;<\/p>","protected":false},"author":8754777,"featured_media":0,"comment_status":"open","ping_status":"open","sticky":false,"template":"","format":"standard","meta":{"_coblocks_attr":"","_coblocks_dimensions":"","_coblocks_responsive_height":"","_coblocks_accordion_ie_support":"","_kad_post_transparent":"","_kad_post_title":"","_kad_post_layout":"","_kad_post_sidebar_id":"","_kad_post_content_style":"","_kad_post_vertical_padding":"","_kad_post_feature":"","_kad_post_feature_position":"","_kad_post_header":false,"_kad_post_footer":false,"_kad_post_classname":"","_jetpack_newsletter_access":"","_jetpack_dont_email_post_to_subs":false,"_jetpack_newsletter_tier_id":0,"_jetpack_memberships_contains_paywalled_content":false,"_wpcom_ai_launchpad_first_post":false,"_jetpack_feature_clip_id":0,"_jetpack_memberships_contains_paid_content":false,"footnotes":"","jetpack_publicize_message":"","jetpack_publicize_feature_enabled":false,"jetpack_social_post_already_shared":false,"jetpack_social_options":{"image_generator_settings":{"template":"highway","default_image_id":0,"font":"","enabled":false},"version":2},"_wpas_customize_per_network":false,"jetpack_post_was_ever_published":false},"categories":[2948061,459778],"tags":[11201,1099,783523236],"class_list":["post-5859","post","type-post","status-publish","format-standard","hentry","category-iphone-photography","category-landscape-and-nature","tag-landscape","tag-nature","tag-photography"],"yoast_head":"<!-- This site is optimized with the Yoast SEO plugin v28.4 - https:\/\/yoast.com\/product\/yoast-seo-wordpress\/ -->\n<title>Bevegelse, stillhet og fotografering i vinden \ud83d\udcf8\ud83c\udf43 - Eli Brager Photography<\/title>\n<meta name=\"robots\" content=\"index, follow, max-snippet:-1, max-image-preview:large, max-video-preview:-1\" \/>\n<link rel=\"canonical\" href=\"https:\/\/elibragerphotography.com\/nb\/bevegelse-stillhet-og-fotografering-i-vinden-\ud83d\udcf8\ud83c\udf43\/\" \/>\n<meta property=\"og:locale\" content=\"nb_NO\" \/>\n<meta property=\"og:type\" content=\"article\" \/>\n<meta property=\"og:title\" content=\"Bevegelse, stillhet og fotografering i vinden \ud83d\udcf8\ud83c\udf43 - Eli Brager Photography\" \/>\n<meta property=\"og:description\" content=\"Denne uka gikk fototuren v\u00e5r til vakre Alby p\u00e5 Jel\u00f8ya \u2013 et sted hvor naturen virkelig f\u00e5r vise seg frem, uansett v\u00e6r. Selv om det bl\u00e5ste godt og det bare var to av oss som m\u00f8tte opp til det planlagte mindfulle fototreffet, ble det en opplevelse fylt av ro, kreativitet og n\u00e6rv\u00e6r. Vi startet som...\" \/>\n<meta property=\"og:url\" content=\"https:\/\/elibragerphotography.com\/nb\/bevegelse-stillhet-og-fotografering-i-vinden-\ud83d\udcf8\ud83c\udf43\/\" \/>\n<meta property=\"og:site_name\" content=\"Eli Brager Photography\" \/>\n<meta property=\"article:publisher\" content=\"https:\/\/www.facebook.com\/EliBragerPhotography\" \/>\n<meta property=\"article:author\" content=\"https:\/\/www.facebook.com\/EliBragerPhotography\" \/>\n<meta property=\"article:published_time\" content=\"2025-10-03T19:21:06+00:00\" \/>\n<meta property=\"og:image\" content=\"https:\/\/img.simplerousercontent.net\/scaled_image\/13399391\/4f415a3f0905241369d2a7f3b188a3dd60a94090\/IMG_7286-880w-495h.jpg\" \/>\n<meta name=\"author\" content=\"elibrager\" \/>\n<meta name=\"twitter:card\" content=\"summary_large_image\" \/>\n<meta name=\"twitter:label1\" content=\"Skrevet av\" \/>\n\t<meta name=\"twitter:data1\" content=\"elibrager\" \/>\n\t<meta name=\"twitter:label2\" content=\"Ansl. lesetid\" \/>\n\t<meta name=\"twitter:data2\" content=\"3 minutter\" \/>\n<script type=\"application\/ld+json\" class=\"yoast-schema-graph\">{\"@context\":\"https:\\\/\\\/schema.org\",\"@graph\":[{\"@type\":\"Article\",\"@id\":\"https:\\\/\\\/elibragerphotography.com\\\/bevegelse-stillhet-og-fotografering-i-vinden-%f0%9f%93%b8%f0%9f%8d%83\\\/#article\",\"isPartOf\":{\"@id\":\"https:\\\/\\\/elibragerphotography.com\\\/bevegelse-stillhet-og-fotografering-i-vinden-%f0%9f%93%b8%f0%9f%8d%83\\\/\"},\"author\":{\"name\":\"elibrager\",\"@id\":\"https:\\\/\\\/elibragerphotography.com\\\/#\\\/schema\\\/person\\\/2d49ba3051dc6c73bb511d324539efbe\"},\"headline\":\"Bevegelse, stillhet og fotografering i vinden \ud83d\udcf8\ud83c\udf43\",\"datePublished\":\"2025-10-03T19:21:06+00:00\",\"mainEntityOfPage\":{\"@id\":\"https:\\\/\\\/elibragerphotography.com\\\/bevegelse-stillhet-og-fotografering-i-vinden-%f0%9f%93%b8%f0%9f%8d%83\\\/\"},\"wordCount\":646,\"commentCount\":0,\"publisher\":{\"@id\":\"https:\\\/\\\/elibragerphotography.com\\\/#\\\/schema\\\/person\\\/2d49ba3051dc6c73bb511d324539efbe\"},\"image\":{\"@id\":\"https:\\\/\\\/elibragerphotography.com\\\/bevegelse-stillhet-og-fotografering-i-vinden-%f0%9f%93%b8%f0%9f%8d%83\\\/#primaryimage\"},\"thumbnailUrl\":\"https:\\\/\\\/img.simplerousercontent.net\\\/scaled_image\\\/13399391\\\/4f415a3f0905241369d2a7f3b188a3dd60a94090\\\/IMG_7286-880w-495h.jpg\",\"keywords\":[\"Landscape\",\"Nature\",\"photography\"],\"articleSection\":[\"iPhone photography\",\"Landscape and nature\"],\"inLanguage\":\"nb-NO\",\"potentialAction\":[{\"@type\":\"CommentAction\",\"name\":\"Comment\",\"target\":[\"https:\\\/\\\/elibragerphotography.com\\\/bevegelse-stillhet-og-fotografering-i-vinden-%f0%9f%93%b8%f0%9f%8d%83\\\/#respond\"]}]},{\"@type\":\"WebPage\",\"@id\":\"https:\\\/\\\/elibragerphotography.com\\\/bevegelse-stillhet-og-fotografering-i-vinden-%f0%9f%93%b8%f0%9f%8d%83\\\/\",\"url\":\"https:\\\/\\\/elibragerphotography.com\\\/bevegelse-stillhet-og-fotografering-i-vinden-%f0%9f%93%b8%f0%9f%8d%83\\\/\",\"name\":\"Bevegelse, stillhet og fotografering i vinden \ud83d\udcf8\ud83c\udf43 - Eli Brager Photography\",\"isPartOf\":{\"@id\":\"https:\\\/\\\/elibragerphotography.com\\\/#website\"},\"primaryImageOfPage\":{\"@id\":\"https:\\\/\\\/elibragerphotography.com\\\/bevegelse-stillhet-og-fotografering-i-vinden-%f0%9f%93%b8%f0%9f%8d%83\\\/#primaryimage\"},\"image\":{\"@id\":\"https:\\\/\\\/elibragerphotography.com\\\/bevegelse-stillhet-og-fotografering-i-vinden-%f0%9f%93%b8%f0%9f%8d%83\\\/#primaryimage\"},\"thumbnailUrl\":\"https:\\\/\\\/img.simplerousercontent.net\\\/scaled_image\\\/13399391\\\/4f415a3f0905241369d2a7f3b188a3dd60a94090\\\/IMG_7286-880w-495h.jpg\",\"datePublished\":\"2025-10-03T19:21:06+00:00\",\"breadcrumb\":{\"@id\":\"https:\\\/\\\/elibragerphotography.com\\\/bevegelse-stillhet-og-fotografering-i-vinden-%f0%9f%93%b8%f0%9f%8d%83\\\/#breadcrumb\"},\"inLanguage\":\"nb-NO\",\"potentialAction\":[{\"@type\":\"ReadAction\",\"target\":[\"https:\\\/\\\/elibragerphotography.com\\\/bevegelse-stillhet-og-fotografering-i-vinden-%f0%9f%93%b8%f0%9f%8d%83\\\/\"]}]},{\"@type\":\"ImageObject\",\"inLanguage\":\"nb-NO\",\"@id\":\"https:\\\/\\\/elibragerphotography.com\\\/bevegelse-stillhet-og-fotografering-i-vinden-%f0%9f%93%b8%f0%9f%8d%83\\\/#primaryimage\",\"url\":\"https:\\\/\\\/img.simplerousercontent.net\\\/scaled_image\\\/13399391\\\/4f415a3f0905241369d2a7f3b188a3dd60a94090\\\/IMG_7286-880w-495h.jpg\",\"contentUrl\":\"https:\\\/\\\/img.simplerousercontent.net\\\/scaled_image\\\/13399391\\\/4f415a3f0905241369d2a7f3b188a3dd60a94090\\\/IMG_7286-880w-495h.jpg\"},{\"@type\":\"BreadcrumbList\",\"@id\":\"https:\\\/\\\/elibragerphotography.com\\\/bevegelse-stillhet-og-fotografering-i-vinden-%f0%9f%93%b8%f0%9f%8d%83\\\/#breadcrumb\",\"itemListElement\":[{\"@type\":\"ListItem\",\"position\":1,\"name\":\"Home\",\"item\":\"https:\\\/\\\/elibragerphotography.com\\\/\"},{\"@type\":\"ListItem\",\"position\":2,\"name\":\"Bevegelse, stillhet og fotografering i vinden \ud83d\udcf8\ud83c\udf43\"}]},{\"@type\":\"WebSite\",\"@id\":\"https:\\\/\\\/elibragerphotography.com\\\/#website\",\"url\":\"https:\\\/\\\/elibragerphotography.com\\\/\",\"name\":\"Eli Brager Photography\",\"description\":\"About Photography, Travelling and joy of life!\",\"publisher\":{\"@id\":\"https:\\\/\\\/elibragerphotography.com\\\/#\\\/schema\\\/person\\\/2d49ba3051dc6c73bb511d324539efbe\"},\"potentialAction\":[{\"@type\":\"SearchAction\",\"target\":{\"@type\":\"EntryPoint\",\"urlTemplate\":\"https:\\\/\\\/elibragerphotography.com\\\/?s={search_term_string}\"},\"query-input\":{\"@type\":\"PropertyValueSpecification\",\"valueRequired\":true,\"valueName\":\"search_term_string\"}}],\"inLanguage\":\"nb-NO\"},{\"@type\":[\"Person\",\"Organization\"],\"@id\":\"https:\\\/\\\/elibragerphotography.com\\\/#\\\/schema\\\/person\\\/2d49ba3051dc6c73bb511d324539efbe\",\"name\":\"elibrager\",\"image\":{\"@type\":\"ImageObject\",\"inLanguage\":\"nb-NO\",\"@id\":\"https:\\\/\\\/i0.wp.com\\\/elibragerphotography.com\\\/wp-content\\\/uploads\\\/2025\\\/08\\\/img_1334.jpeg?fit=1536%2C2048&quality=80&strip=all&ssl=1\",\"url\":\"https:\\\/\\\/i0.wp.com\\\/elibragerphotography.com\\\/wp-content\\\/uploads\\\/2025\\\/08\\\/img_1334.jpeg?fit=1536%2C2048&quality=80&strip=all&ssl=1\",\"contentUrl\":\"https:\\\/\\\/i0.wp.com\\\/elibragerphotography.com\\\/wp-content\\\/uploads\\\/2025\\\/08\\\/img_1334.jpeg?fit=1536%2C2048&quality=80&strip=all&ssl=1\",\"width\":1536,\"height\":2048,\"caption\":\"elibrager\"},\"logo\":{\"@id\":\"https:\\\/\\\/i0.wp.com\\\/elibragerphotography.com\\\/wp-content\\\/uploads\\\/2025\\\/08\\\/img_1334.jpeg?fit=1536%2C2048&quality=80&strip=all&ssl=1\"},\"description\":\"About Me Hi, I\u2019m Eli Irene Brager \u2013 photographer, writer, and lifelong wanderer in the quiet landscapes of the heart. Through my lens, I seek more than just images. I seek presence. I believe photography is not only about what we see, but how we see \u2014 how we meet the world with open eyes and a quiet mind. For me, photography is a way of listening. A form of mindfulness. A practice of stillness and wonder. I\u2019m also a globetrotter at heart. I love traveling and discovering new places with my camera \u2013 from quiet corners of nature to vibrant city streets. My blog reflects this love for exploring, with stories and photographs gathered along the way. Each journey deepens my appreciation for light, texture, and the way places speak if we take the time to listen. I photograph with both DSLR and iPhone, always guided by what moves me rather than by gear or trends. I created this space to share moments that speak, not shout. Images that invite you to pause. To feel. To breathe. Whether you\u2019re a fellow photographer or someone simply seeking calm in a noisy world, I hope you\u2019ll find something here that resonates. When I\u2019m not behind the camera, I write about mindful photography, run a Norwegian photo community called Se Utover, and create courses that combine creativity, presence, and personal growth. Thank you for visiting. I\u2019m so glad you\u2019re here.\",\"sameAs\":[\"http:\\\/\\\/elibragerphotography.com\",\"https:\\\/\\\/www.facebook.com\\\/EliBragerPhotography\",\"https:\\\/\\\/www.instagram.com\\\/elibrager\",\"https:\\\/\\\/www.youtube.com\\\/@bragerfoto9838\"],\"url\":\"https:\\\/\\\/elibragerphotography.com\\\/nb\\\/author\\\/elibrager\\\/\"}]}<\/script>\n<!-- \/ Yoast SEO plugin. -->","yoast_head_json":{"title":"Bevegelse, stillhet og fotografering i vinden \ud83d\udcf8\ud83c\udf43 - Eli Brager Photography","robots":{"index":"index","follow":"follow","max-snippet":"max-snippet:-1","max-image-preview":"max-image-preview:large","max-video-preview":"max-video-preview:-1"},"canonical":"https:\/\/elibragerphotography.com\/nb\/bevegelse-stillhet-og-fotografering-i-vinden-\ud83d\udcf8\ud83c\udf43\/","og_locale":"nb_NO","og_type":"article","og_title":"Bevegelse, stillhet og fotografering i vinden \ud83d\udcf8\ud83c\udf43 - Eli Brager Photography","og_description":"Denne uka gikk fototuren v\u00e5r til vakre Alby p\u00e5 Jel\u00f8ya \u2013 et sted hvor naturen virkelig f\u00e5r vise seg frem, uansett v\u00e6r. Selv om det bl\u00e5ste godt og det bare var to av oss som m\u00f8tte opp til det planlagte mindfulle fototreffet, ble det en opplevelse fylt av ro, kreativitet og n\u00e6rv\u00e6r. Vi startet som...","og_url":"https:\/\/elibragerphotography.com\/nb\/bevegelse-stillhet-og-fotografering-i-vinden-\ud83d\udcf8\ud83c\udf43\/","og_site_name":"Eli Brager Photography","article_publisher":"https:\/\/www.facebook.com\/EliBragerPhotography","article_author":"https:\/\/www.facebook.com\/EliBragerPhotography","article_published_time":"2025-10-03T19:21:06+00:00","og_image":[{"url":"https:\/\/img.simplerousercontent.net\/scaled_image\/13399391\/4f415a3f0905241369d2a7f3b188a3dd60a94090\/IMG_7286-880w-495h.jpg","type":"","width":"","height":""}],"author":"elibrager","twitter_card":"summary_large_image","twitter_misc":{"Skrevet av":"elibrager","Ansl. lesetid":"3 minutter"},"schema":{"@context":"https:\/\/schema.org","@graph":[{"@type":"Article","@id":"https:\/\/elibragerphotography.com\/bevegelse-stillhet-og-fotografering-i-vinden-%f0%9f%93%b8%f0%9f%8d%83\/#article","isPartOf":{"@id":"https:\/\/elibragerphotography.com\/bevegelse-stillhet-og-fotografering-i-vinden-%f0%9f%93%b8%f0%9f%8d%83\/"},"author":{"name":"elibrager","@id":"https:\/\/elibragerphotography.com\/#\/schema\/person\/2d49ba3051dc6c73bb511d324539efbe"},"headline":"Bevegelse, stillhet og fotografering i vinden \ud83d\udcf8\ud83c\udf43","datePublished":"2025-10-03T19:21:06+00:00","mainEntityOfPage":{"@id":"https:\/\/elibragerphotography.com\/bevegelse-stillhet-og-fotografering-i-vinden-%f0%9f%93%b8%f0%9f%8d%83\/"},"wordCount":646,"commentCount":0,"publisher":{"@id":"https:\/\/elibragerphotography.com\/#\/schema\/person\/2d49ba3051dc6c73bb511d324539efbe"},"image":{"@id":"https:\/\/elibragerphotography.com\/bevegelse-stillhet-og-fotografering-i-vinden-%f0%9f%93%b8%f0%9f%8d%83\/#primaryimage"},"thumbnailUrl":"https:\/\/img.simplerousercontent.net\/scaled_image\/13399391\/4f415a3f0905241369d2a7f3b188a3dd60a94090\/IMG_7286-880w-495h.jpg","keywords":["Landscape","Nature","photography"],"articleSection":["iPhone photography","Landscape and nature"],"inLanguage":"nb-NO","potentialAction":[{"@type":"CommentAction","name":"Comment","target":["https:\/\/elibragerphotography.com\/bevegelse-stillhet-og-fotografering-i-vinden-%f0%9f%93%b8%f0%9f%8d%83\/#respond"]}]},{"@type":"WebPage","@id":"https:\/\/elibragerphotography.com\/bevegelse-stillhet-og-fotografering-i-vinden-%f0%9f%93%b8%f0%9f%8d%83\/","url":"https:\/\/elibragerphotography.com\/bevegelse-stillhet-og-fotografering-i-vinden-%f0%9f%93%b8%f0%9f%8d%83\/","name":"Bevegelse, stillhet og fotografering i vinden \ud83d\udcf8\ud83c\udf43 - Eli Brager Photography","isPartOf":{"@id":"https:\/\/elibragerphotography.com\/#website"},"primaryImageOfPage":{"@id":"https:\/\/elibragerphotography.com\/bevegelse-stillhet-og-fotografering-i-vinden-%f0%9f%93%b8%f0%9f%8d%83\/#primaryimage"},"image":{"@id":"https:\/\/elibragerphotography.com\/bevegelse-stillhet-og-fotografering-i-vinden-%f0%9f%93%b8%f0%9f%8d%83\/#primaryimage"},"thumbnailUrl":"https:\/\/img.simplerousercontent.net\/scaled_image\/13399391\/4f415a3f0905241369d2a7f3b188a3dd60a94090\/IMG_7286-880w-495h.jpg","datePublished":"2025-10-03T19:21:06+00:00","breadcrumb":{"@id":"https:\/\/elibragerphotography.com\/bevegelse-stillhet-og-fotografering-i-vinden-%f0%9f%93%b8%f0%9f%8d%83\/#breadcrumb"},"inLanguage":"nb-NO","potentialAction":[{"@type":"ReadAction","target":["https:\/\/elibragerphotography.com\/bevegelse-stillhet-og-fotografering-i-vinden-%f0%9f%93%b8%f0%9f%8d%83\/"]}]},{"@type":"ImageObject","inLanguage":"nb-NO","@id":"https:\/\/elibragerphotography.com\/bevegelse-stillhet-og-fotografering-i-vinden-%f0%9f%93%b8%f0%9f%8d%83\/#primaryimage","url":"https:\/\/img.simplerousercontent.net\/scaled_image\/13399391\/4f415a3f0905241369d2a7f3b188a3dd60a94090\/IMG_7286-880w-495h.jpg","contentUrl":"https:\/\/img.simplerousercontent.net\/scaled_image\/13399391\/4f415a3f0905241369d2a7f3b188a3dd60a94090\/IMG_7286-880w-495h.jpg"},{"@type":"BreadcrumbList","@id":"https:\/\/elibragerphotography.com\/bevegelse-stillhet-og-fotografering-i-vinden-%f0%9f%93%b8%f0%9f%8d%83\/#breadcrumb","itemListElement":[{"@type":"ListItem","position":1,"name":"Home","item":"https:\/\/elibragerphotography.com\/"},{"@type":"ListItem","position":2,"name":"Bevegelse, stillhet og fotografering i vinden \ud83d\udcf8\ud83c\udf43"}]},{"@type":"WebSite","@id":"https:\/\/elibragerphotography.com\/#website","url":"https:\/\/elibragerphotography.com\/","name":"Eli Brager Photography","description":"Om fotografering, reiser og livsglede!","publisher":{"@id":"https:\/\/elibragerphotography.com\/#\/schema\/person\/2d49ba3051dc6c73bb511d324539efbe"},"potentialAction":[{"@type":"SearchAction","target":{"@type":"EntryPoint","urlTemplate":"https:\/\/elibragerphotography.com\/?s={search_term_string}"},"query-input":{"@type":"PropertyValueSpecification","valueRequired":true,"valueName":"search_term_string"}}],"inLanguage":"nb-NO"},{"@type":["Person","Organization"],"@id":"https:\/\/elibragerphotography.com\/#\/schema\/person\/2d49ba3051dc6c73bb511d324539efbe","name":"elibrager","image":{"@type":"ImageObject","inLanguage":"nb-NO","@id":"https:\/\/i0.wp.com\/elibragerphotography.com\/wp-content\/uploads\/2025\/08\/img_1334.jpeg?fit=1536%2C2048&quality=80&strip=all&ssl=1","url":"https:\/\/i0.wp.com\/elibragerphotography.com\/wp-content\/uploads\/2025\/08\/img_1334.jpeg?fit=1536%2C2048&quality=80&strip=all&ssl=1","contentUrl":"https:\/\/i0.wp.com\/elibragerphotography.com\/wp-content\/uploads\/2025\/08\/img_1334.jpeg?fit=1536%2C2048&quality=80&strip=all&ssl=1","width":1536,"height":2048,"caption":"elibrager"},"logo":{"@id":"https:\/\/i0.wp.com\/elibragerphotography.com\/wp-content\/uploads\/2025\/08\/img_1334.jpeg?fit=1536%2C2048&quality=80&strip=all&ssl=1"},"description":"About Me Hi, I\u2019m Eli Irene Brager \u2013 photographer, writer, and lifelong wanderer in the quiet landscapes of the heart. Through my lens, I seek more than just images. I seek presence. I believe photography is not only about what we see, but how we see \u2014 how we meet the world with open eyes and a quiet mind. For me, photography is a way of listening. A form of mindfulness. A practice of stillness and wonder. I\u2019m also a globetrotter at heart. I love traveling and discovering new places with my camera \u2013 from quiet corners of nature to vibrant city streets. My blog reflects this love for exploring, with stories and photographs gathered along the way. Each journey deepens my appreciation for light, texture, and the way places speak if we take the time to listen. I photograph with both DSLR and iPhone, always guided by what moves me rather than by gear or trends. I created this space to share moments that speak, not shout. Images that invite you to pause. To feel. To breathe. Whether you\u2019re a fellow photographer or someone simply seeking calm in a noisy world, I hope you\u2019ll find something here that resonates. When I\u2019m not behind the camera, I write about mindful photography, run a Norwegian photo community called Se Utover, and create courses that combine creativity, presence, and personal growth. Thank you for visiting. I\u2019m so glad you\u2019re here.","sameAs":["http:\/\/elibragerphotography.com","https:\/\/www.facebook.com\/EliBragerPhotography","https:\/\/www.instagram.com\/elibrager","https:\/\/www.youtube.com\/@bragerfoto9838"],"url":"https:\/\/elibragerphotography.com\/nb\/author\/elibrager\/"}]}},"jetpack_publicize_connections":[],"jetpack_likes_enabled":true,"jetpack_sharing_enabled":true,"jetpack_shortlink":"https:\/\/wp.me\/p29FsT-1wv","jetpack_featured_media_url":"","_links":{"self":[{"href":"https:\/\/elibragerphotography.com\/nb\/wp-json\/wp\/v2\/posts\/5859","targetHints":{"allow":["GET"]}}],"collection":[{"href":"https:\/\/elibragerphotography.com\/nb\/wp-json\/wp\/v2\/posts"}],"about":[{"href":"https:\/\/elibragerphotography.com\/nb\/wp-json\/wp\/v2\/types\/post"}],"author":[{"embeddable":true,"href":"https:\/\/elibragerphotography.com\/nb\/wp-json\/wp\/v2\/users\/8754777"}],"replies":[{"embeddable":true,"href":"https:\/\/elibragerphotography.com\/nb\/wp-json\/wp\/v2\/comments?post=5859"}],"version-history":[{"count":2,"href":"https:\/\/elibragerphotography.com\/nb\/wp-json\/wp\/v2\/posts\/5859\/revisions"}],"predecessor-version":[{"id":5864,"href":"https:\/\/elibragerphotography.com\/nb\/wp-json\/wp\/v2\/posts\/5859\/revisions\/5864"}],"wp:attachment":[{"href":"https:\/\/elibragerphotography.com\/nb\/wp-json\/wp\/v2\/media?parent=5859"}],"wp:term":[{"taxonomy":"category","embeddable":true,"href":"https:\/\/elibragerphotography.com\/nb\/wp-json\/wp\/v2\/categories?post=5859"},{"taxonomy":"post_tag","embeddable":true,"href":"https:\/\/elibragerphotography.com\/nb\/wp-json\/wp\/v2\/tags?post=5859"}],"curies":[{"name":"wp","href":"https:\/\/api.w.org\/{rel}","templated":true}]}}