{"id":396,"date":"2012-05-08T21:53:33","date_gmt":"2012-05-08T21:53:33","guid":{"rendered":"http:\/\/elibragerphotography.com\/?p=396"},"modified":"2012-05-08T21:53:33","modified_gmt":"2012-05-08T21:53:33","slug":"hommer-og-kanari-pa-ekeberg","status":"publish","type":"post","link":"https:\/\/elibragerphotography.com\/nb\/hommer-og-kanari-pa-ekeberg\/","title":{"rendered":"Hommer og kanari p\u00e5 Ekeberg"},"content":{"rendered":"<p>Var en tur p\u00e5 Ekeberg i kveld da jeg hadde et lite \u00e6rend der oppe. Lekte meg litt med kameraet da ogs\u00e5, ikke s\u00e5 mange naturbilder, men litt annet. Har bearbeidet i Lightroom.<\/p>\n<div class=\"tiled-gallery type-rectangular tiled-gallery-unresized\" data-original-width=\"1290\" data-carousel-extra='{&quot;blog_id&quot;:1,&quot;permalink&quot;:&quot;https:\\\/\\\/elibragerphotography.com\\\/nb\\\/hommer-og-kanari-pa-ekeberg\\\/&quot;,&quot;likes_blog_id&quot;:31857019}' itemscope itemtype=\"http:\/\/schema.org\/ImageGallery\" > <div class=\"gallery-row\" style=\"width: 1290px; height: 699px;\" data-original-width=\"1290\" data-original-height=\"699\" > <div class=\"gallery-group images-1\" style=\"width: 870px; height: 699px;\" data-original-width=\"870\" data-original-height=\"699\" > <div class=\"tiled-gallery-item tiled-gallery-item-large\" itemprop=\"associatedMedia\" itemscope itemtype=\"http:\/\/schema.org\/ImageObject\"> <a href=\"https:\/\/elibragerphotography.com\/nb\/hommer-og-kanari-pa-ekeberg\/1205-0069\/\" border=\"0\" itemprop=\"url\"> <meta itemprop=\"width\" content=\"866\"> <meta itemprop=\"height\" content=\"695\"> <img decoding=\"async\" class=\"\" data-attachment-id=\"404\" data-orig-file=\"https:\/\/elibragerphotography.com\/wp-content\/uploads\/2012\/05\/1205-0069.jpg\" data-orig-size=\"800,642\" data-comments-opened=\"1\" data-image-meta=\"{&quot;aperture&quot;:&quot;16&quot;,&quot;credit&quot;:&quot;&quot;,&quot;camera&quot;:&quot;CORPORATION&quot;,&quot;caption&quot;:&quot;&quot;,&quot;created_timestamp&quot;:&quot;1336501487&quot;,&quot;copyright&quot;:&quot;&quot;,&quot;focal_length&quot;:&quot;48&quot;,&quot;iso&quot;:&quot;640&quot;,&quot;shutter_speed&quot;:&quot;0.016666666666667&quot;,&quot;title&quot;:&quot;&quot;}\" data-image-title=\"1205-0069\" data-image-description=\"\" data-medium-file=\"https:\/\/i0.wp.com\/elibragerphotography.com\/wp-content\/uploads\/2012\/05\/1205-0069.jpg?fit=300%2C241&#038;ssl=1\" data-large-file=\"https:\/\/i0.wp.com\/elibragerphotography.com\/wp-content\/uploads\/2012\/05\/1205-0069.jpg?fit=800%2C642&#038;ssl=1\" src=\"https:\/\/i0.wp.com\/elibragerphotography.com\/wp-content\/uploads\/2012\/05\/1205-0069.jpg?w=866&#038;h=695&#038;ssl=1\" width=\"866\" height=\"695\" loading=\"lazy\" data-original-width=\"866\" data-original-height=\"695\" itemprop=\"http:\/\/schema.org\/image\" title=\"1205-0069\" alt=\"1205-0069\" style=\"width: 866px; height: 695px;\" \/> <\/a> <\/div> <\/div> <!-- close group --> <div class=\"gallery-group images-2\" style=\"width: 420px; height: 699px;\" data-original-width=\"420\" data-original-height=\"699\" > <div class=\"tiled-gallery-item tiled-gallery-item-large\" itemprop=\"associatedMedia\" itemscope itemtype=\"http:\/\/schema.org\/ImageObject\"> <a href=\"https:\/\/elibragerphotography.com\/nb\/hommer-og-kanari-pa-ekeberg\/1205-0072\/\" border=\"0\" itemprop=\"url\"> <meta itemprop=\"width\" content=\"416\"> <meta itemprop=\"height\" content=\"276\"> <img decoding=\"async\" class=\"\" data-attachment-id=\"405\" data-orig-file=\"https:\/\/elibragerphotography.com\/wp-content\/uploads\/2012\/05\/1205-0072.jpg\" data-orig-size=\"800,531\" data-comments-opened=\"1\" data-image-meta=\"{&quot;aperture&quot;:&quot;5.6&quot;,&quot;credit&quot;:&quot;&quot;,&quot;camera&quot;:&quot;CORPORATION&quot;,&quot;caption&quot;:&quot;&quot;,&quot;created_timestamp&quot;:&quot;1336502769&quot;,&quot;copyright&quot;:&quot;&quot;,&quot;focal_length&quot;:&quot;200&quot;,&quot;iso&quot;:&quot;250&quot;,&quot;shutter_speed&quot;:&quot;0.016666666666667&quot;,&quot;title&quot;:&quot;&quot;}\" data-image-title=\"1205-0072\" data-image-description=\"\" data-medium-file=\"https:\/\/i0.wp.com\/elibragerphotography.com\/wp-content\/uploads\/2012\/05\/1205-0072.jpg?fit=300%2C199&#038;ssl=1\" data-large-file=\"https:\/\/i0.wp.com\/elibragerphotography.com\/wp-content\/uploads\/2012\/05\/1205-0072.jpg?fit=800%2C531&#038;ssl=1\" src=\"https:\/\/i0.wp.com\/elibragerphotography.com\/wp-content\/uploads\/2012\/05\/1205-0072.jpg?w=416&#038;h=276&#038;ssl=1\" width=\"416\" height=\"276\" loading=\"lazy\" data-original-width=\"416\" data-original-height=\"276\" itemprop=\"http:\/\/schema.org\/image\" title=\"1205-0072\" alt=\"1205-0072\" style=\"width: 416px; height: 276px;\" \/> <\/a> <\/div> <div class=\"tiled-gallery-item tiled-gallery-item-large\" itemprop=\"associatedMedia\" itemscope itemtype=\"http:\/\/schema.org\/ImageObject\"> <a href=\"https:\/\/elibragerphotography.com\/nb\/hommer-og-kanari-pa-ekeberg\/1205-0076\/\" border=\"0\" itemprop=\"url\"> <meta itemprop=\"width\" content=\"416\"> <meta itemprop=\"height\" content=\"415\"> <img decoding=\"async\" class=\"\" data-attachment-id=\"406\" data-orig-file=\"https:\/\/elibragerphotography.com\/wp-content\/uploads\/2012\/05\/1205-0076.jpg\" data-orig-size=\"800,800\" data-comments-opened=\"1\" data-image-meta=\"{&quot;aperture&quot;:&quot;5.6&quot;,&quot;credit&quot;:&quot;&quot;,&quot;camera&quot;:&quot;CORPORATION&quot;,&quot;caption&quot;:&quot;&quot;,&quot;created_timestamp&quot;:&quot;1336503732&quot;,&quot;copyright&quot;:&quot;&quot;,&quot;focal_length&quot;:&quot;420&quot;,&quot;iso&quot;:&quot;400&quot;,&quot;shutter_speed&quot;:&quot;0.002&quot;,&quot;title&quot;:&quot;&quot;}\" data-image-title=\"1205-0076\" data-image-description=\"\" data-medium-file=\"https:\/\/i0.wp.com\/elibragerphotography.com\/wp-content\/uploads\/2012\/05\/1205-0076.jpg?fit=300%2C300&#038;ssl=1\" data-large-file=\"https:\/\/i0.wp.com\/elibragerphotography.com\/wp-content\/uploads\/2012\/05\/1205-0076.jpg?fit=800%2C800&#038;ssl=1\" src=\"https:\/\/i0.wp.com\/elibragerphotography.com\/wp-content\/uploads\/2012\/05\/1205-0076.jpg?w=416&#038;h=415&#038;ssl=1\" width=\"416\" height=\"415\" loading=\"lazy\" data-original-width=\"416\" data-original-height=\"415\" itemprop=\"http:\/\/schema.org\/image\" title=\"1205-0076\" alt=\"1205-0076\" style=\"width: 416px; height: 415px;\" \/> <\/a> <\/div> <\/div> <!-- close group --> <\/div> <!-- close row --> <div class=\"gallery-row\" style=\"width: 1290px; height: 242px;\" data-original-width=\"1290\" data-original-height=\"242\" > <div class=\"gallery-group images-1\" style=\"width: 363px; height: 242px;\" data-original-width=\"363\" data-original-height=\"242\" > <div class=\"tiled-gallery-item tiled-gallery-item-large\" itemprop=\"associatedMedia\" itemscope itemtype=\"http:\/\/schema.org\/ImageObject\"> <a href=\"https:\/\/elibragerphotography.com\/nb\/hommer-og-kanari-pa-ekeberg\/1205-0081-2\/\" border=\"0\" itemprop=\"url\"> <meta itemprop=\"width\" content=\"359\"> <meta itemprop=\"height\" content=\"238\"> <img decoding=\"async\" class=\"\" data-attachment-id=\"407\" data-orig-file=\"https:\/\/elibragerphotography.com\/wp-content\/uploads\/2012\/05\/1205-0081-2.jpg\" data-orig-size=\"800,531\" data-comments-opened=\"1\" data-image-meta=\"{&quot;aperture&quot;:&quot;5.6&quot;,&quot;credit&quot;:&quot;&quot;,&quot;camera&quot;:&quot;CORPORATION&quot;,&quot;caption&quot;:&quot;&quot;,&quot;created_timestamp&quot;:&quot;1336505620&quot;,&quot;copyright&quot;:&quot;&quot;,&quot;focal_length&quot;:&quot;95&quot;,&quot;iso&quot;:&quot;1250&quot;,&quot;shutter_speed&quot;:&quot;0.00625&quot;,&quot;title&quot;:&quot;&quot;}\" data-image-title=\"1205-0081-2\" data-image-description=\"\" data-medium-file=\"https:\/\/i0.wp.com\/elibragerphotography.com\/wp-content\/uploads\/2012\/05\/1205-0081-2.jpg?fit=300%2C199&#038;ssl=1\" data-large-file=\"https:\/\/i0.wp.com\/elibragerphotography.com\/wp-content\/uploads\/2012\/05\/1205-0081-2.jpg?fit=800%2C531&#038;ssl=1\" src=\"https:\/\/i0.wp.com\/elibragerphotography.com\/wp-content\/uploads\/2012\/05\/1205-0081-2.jpg?w=359&#038;h=238&#038;ssl=1\" width=\"359\" height=\"238\" loading=\"lazy\" data-original-width=\"359\" data-original-height=\"238\" itemprop=\"http:\/\/schema.org\/image\" title=\"1205-0081-2\" alt=\"1205-0081-2\" style=\"width: 359px; height: 238px;\" \/> <\/a> <\/div> <\/div> <!-- close group --> <div class=\"gallery-group images-1\" style=\"width: 362px; height: 242px;\" data-original-width=\"362\" data-original-height=\"242\" > <div class=\"tiled-gallery-item tiled-gallery-item-large\" itemprop=\"associatedMedia\" itemscope itemtype=\"http:\/\/schema.org\/ImageObject\"> <a href=\"https:\/\/elibragerphotography.com\/nb\/hommer-og-kanari-pa-ekeberg\/1205-0084-2\/\" border=\"0\" itemprop=\"url\"> <meta itemprop=\"width\" content=\"358\"> <meta itemprop=\"height\" content=\"238\"> <img decoding=\"async\" class=\"\" data-attachment-id=\"408\" data-orig-file=\"https:\/\/elibragerphotography.com\/wp-content\/uploads\/2012\/05\/1205-0084-2.jpg\" data-orig-size=\"800,531\" data-comments-opened=\"1\" data-image-meta=\"{&quot;aperture&quot;:&quot;5.6&quot;,&quot;credit&quot;:&quot;&quot;,&quot;camera&quot;:&quot;NIKON D300&quot;,&quot;caption&quot;:&quot;&quot;,&quot;created_timestamp&quot;:&quot;1336505726&quot;,&quot;copyright&quot;:&quot;&quot;,&quot;focal_length&quot;:&quot;170&quot;,&quot;iso&quot;:&quot;1250&quot;,&quot;shutter_speed&quot;:&quot;0.0125&quot;,&quot;title&quot;:&quot;&quot;}\" data-image-title=\"1205-0084-2\" data-image-description=\"\" data-medium-file=\"https:\/\/i0.wp.com\/elibragerphotography.com\/wp-content\/uploads\/2012\/05\/1205-0084-2.jpg?fit=300%2C199&#038;ssl=1\" data-large-file=\"https:\/\/i0.wp.com\/elibragerphotography.com\/wp-content\/uploads\/2012\/05\/1205-0084-2.jpg?fit=800%2C531&#038;ssl=1\" src=\"https:\/\/i0.wp.com\/elibragerphotography.com\/wp-content\/uploads\/2012\/05\/1205-0084-2.jpg?w=358&#038;h=238&#038;ssl=1\" width=\"358\" height=\"238\" loading=\"lazy\" data-original-width=\"358\" data-original-height=\"238\" itemprop=\"http:\/\/schema.org\/image\" title=\"1205-0084-2\" alt=\"1205-0084-2\" style=\"width: 358px; height: 238px;\" \/> <\/a> <\/div> <\/div> <!-- close group --> <div class=\"gallery-group images-1\" style=\"width: 242px; height: 242px;\" data-original-width=\"242\" data-original-height=\"242\" > <div class=\"tiled-gallery-item tiled-gallery-item-small\" itemprop=\"associatedMedia\" itemscope itemtype=\"http:\/\/schema.org\/ImageObject\"> <a href=\"https:\/\/elibragerphotography.com\/nb\/hommer-og-kanari-pa-ekeberg\/1205-0085-2\/\" border=\"0\" itemprop=\"url\"> <meta itemprop=\"width\" content=\"238\"> <meta itemprop=\"height\" content=\"238\"> <img decoding=\"async\" class=\"\" data-attachment-id=\"409\" data-orig-file=\"https:\/\/elibragerphotography.com\/wp-content\/uploads\/2012\/05\/1205-0085-2.jpg\" data-orig-size=\"800,800\" data-comments-opened=\"1\" data-image-meta=\"{&quot;aperture&quot;:&quot;22&quot;,&quot;credit&quot;:&quot;&quot;,&quot;camera&quot;:&quot;CORPORATION&quot;,&quot;caption&quot;:&quot;&quot;,&quot;created_timestamp&quot;:&quot;1336505786&quot;,&quot;copyright&quot;:&quot;&quot;,&quot;focal_length&quot;:&quot;135&quot;,&quot;iso&quot;:&quot;1250&quot;,&quot;shutter_speed&quot;:&quot;0.076923076923077&quot;,&quot;title&quot;:&quot;&quot;}\" data-image-title=\"1205-0085-2\" data-image-description=\"\" data-medium-file=\"https:\/\/i0.wp.com\/elibragerphotography.com\/wp-content\/uploads\/2012\/05\/1205-0085-2.jpg?fit=300%2C300&#038;ssl=1\" data-large-file=\"https:\/\/i0.wp.com\/elibragerphotography.com\/wp-content\/uploads\/2012\/05\/1205-0085-2.jpg?fit=800%2C800&#038;ssl=1\" src=\"https:\/\/i0.wp.com\/elibragerphotography.com\/wp-content\/uploads\/2012\/05\/1205-0085-2.jpg?w=238&#038;h=238&#038;crop=1&#038;ssl=1\" width=\"238\" height=\"238\" loading=\"lazy\" data-original-width=\"238\" data-original-height=\"238\" itemprop=\"http:\/\/schema.org\/image\" title=\"1205-0085-2\" alt=\"1205-0085-2\" style=\"width: 238px; height: 238px;\" \/> <\/a> <\/div> <\/div> <!-- close group --> <div class=\"gallery-group images-1\" style=\"width: 323px; height: 242px;\" data-original-width=\"323\" data-original-height=\"242\" > <div class=\"tiled-gallery-item tiled-gallery-item-large\" itemprop=\"associatedMedia\" itemscope itemtype=\"http:\/\/schema.org\/ImageObject\"> <a href=\"https:\/\/elibragerphotography.com\/nb\/hommer-og-kanari-pa-ekeberg\/1205-0086-2\/\" border=\"0\" itemprop=\"url\"> <meta itemprop=\"width\" content=\"319\"> <meta itemprop=\"height\" content=\"238\"> <img decoding=\"async\" class=\"\" data-attachment-id=\"410\" data-orig-file=\"https:\/\/elibragerphotography.com\/wp-content\/uploads\/2012\/05\/1205-0086-2.jpg\" data-orig-size=\"800,596\" data-comments-opened=\"1\" data-image-meta=\"{&quot;aperture&quot;:&quot;25&quot;,&quot;credit&quot;:&quot;&quot;,&quot;camera&quot;:&quot;CORPORATION&quot;,&quot;caption&quot;:&quot;&quot;,&quot;created_timestamp&quot;:&quot;1336505803&quot;,&quot;copyright&quot;:&quot;&quot;,&quot;focal_length&quot;:&quot;135&quot;,&quot;iso&quot;:&quot;1250&quot;,&quot;shutter_speed&quot;:&quot;0.076923076923077&quot;,&quot;title&quot;:&quot;&quot;}\" data-image-title=\"1205-0086-2\" data-image-description=\"\" data-medium-file=\"https:\/\/i0.wp.com\/elibragerphotography.com\/wp-content\/uploads\/2012\/05\/1205-0086-2.jpg?fit=300%2C224&#038;ssl=1\" data-large-file=\"https:\/\/i0.wp.com\/elibragerphotography.com\/wp-content\/uploads\/2012\/05\/1205-0086-2.jpg?fit=800%2C596&#038;ssl=1\" src=\"https:\/\/i0.wp.com\/elibragerphotography.com\/wp-content\/uploads\/2012\/05\/1205-0086-2.jpg?w=319&#038;h=238&#038;ssl=1\" width=\"319\" height=\"238\" loading=\"lazy\" data-original-width=\"319\" data-original-height=\"238\" itemprop=\"http:\/\/schema.org\/image\" title=\"1205-0086-2\" alt=\"1205-0086-2\" style=\"width: 319px; height: 238px;\" \/> <\/a> <\/div> <\/div> <!-- close group --> <\/div> <!-- close row --> <\/div>","protected":false},"excerpt":{"rendered":"<p>Var en tur p\u00e5 Ekeberg i kveld da jeg hadde et lite \u00e6rend der oppe. Lekte meg litt med kameraet da ogs\u00e5, ikke s\u00e5 mange naturbilder, men litt annet. Har bearbeidet i Lightroom.<\/p>","protected":false},"author":8754777,"featured_media":0,"comment_status":"open","ping_status":"open","sticky":false,"template":"","format":"standard","meta":{"_coblocks_attr":"","_coblocks_dimensions":"","_coblocks_responsive_height":"","_coblocks_accordion_ie_support":"","_kad_post_transparent":"","_kad_post_title":"","_kad_post_layout":"","_kad_post_sidebar_id":"","_kad_post_content_style":"","_kad_post_vertical_padding":"","_kad_post_feature":"","_kad_post_feature_position":"","_kad_post_header":false,"_kad_post_footer":false,"_kad_post_classname":"","_jetpack_newsletter_access":"","_jetpack_dont_email_post_to_subs":false,"_jetpack_newsletter_tier_id":0,"_jetpack_memberships_contains_paywalled_content":false,"_wpcom_ai_launchpad_first_post":false,"_jetpack_feature_clip_id":0,"_jetpack_memberships_contains_paid_content":false,"footnotes":"","jetpack_publicize_message":"{title}\n\n{excerpt}\n\n{url}","jetpack_publicize_feature_enabled":true,"jetpack_social_post_already_shared":false,"jetpack_social_options":{"image_generator_settings":{"template":"highway","default_image_id":0,"font":"","enabled":false},"version":2},"_wpas_customize_per_network":false,"jetpack_post_was_ever_published":false},"categories":[31082],"tags":[1086414,352813,4820088],"class_list":["post-396","post","type-post","status-publish","format-standard","hentry","category-litt-av-hvert","tag-ekeberg","tag-lek","tag-svarthvitt"],"yoast_head":"<!-- This site is optimized with the Yoast SEO plugin v28.4 - https:\/\/yoast.com\/product\/yoast-seo-wordpress\/ -->\n<title>Hommer og kanari p\u00e5 Ekeberg - Eli Brager Photography<\/title>\n<meta name=\"robots\" content=\"index, follow, max-snippet:-1, max-image-preview:large, max-video-preview:-1\" \/>\n<link rel=\"canonical\" href=\"https:\/\/elibragerphotography.com\/nb\/hommer-og-kanari-pa-ekeberg\/\" \/>\n<meta property=\"og:locale\" content=\"nb_NO\" \/>\n<meta property=\"og:type\" content=\"article\" \/>\n<meta property=\"og:title\" content=\"Hommer og kanari p\u00e5 Ekeberg - Eli Brager Photography\" \/>\n<meta property=\"og:description\" content=\"Var en tur p\u00e5 Ekeberg i kveld da jeg hadde et lite \u00e6rend der oppe. Lekte meg litt med kameraet da ogs\u00e5, ikke s\u00e5 mange naturbilder, men litt annet. Har bearbeidet i Lightroom.\" \/>\n<meta property=\"og:url\" content=\"https:\/\/elibragerphotography.com\/nb\/hommer-og-kanari-pa-ekeberg\/\" \/>\n<meta property=\"og:site_name\" content=\"Eli Brager Photography\" \/>\n<meta property=\"article:publisher\" content=\"https:\/\/www.facebook.com\/EliBragerPhotography\" \/>\n<meta property=\"article:author\" content=\"https:\/\/www.facebook.com\/EliBragerPhotography\" \/>\n<meta property=\"article:published_time\" content=\"2012-05-08T21:53:33+00:00\" \/>\n<meta property=\"og:image\" content=\"https:\/\/i0.wp.com\/elibragerphotography.com\/wp-content\/uploads\/2012\/05\/1205-0069.jpg?w=514&#038;h=413&#038;quality=80&#038;strip=all&#038;ssl=1\" \/>\n<meta name=\"author\" content=\"elibrager\" \/>\n<meta name=\"twitter:card\" content=\"summary_large_image\" \/>\n<meta name=\"twitter:label1\" content=\"Skrevet av\" \/>\n\t<meta name=\"twitter:data1\" content=\"elibrager\" \/>\n<script type=\"application\/ld+json\" class=\"yoast-schema-graph\">{\"@context\":\"https:\\\/\\\/schema.org\",\"@graph\":[{\"@type\":\"Article\",\"@id\":\"https:\\\/\\\/elibragerphotography.com\\\/hommer-og-kanari-pa-ekeberg\\\/#article\",\"isPartOf\":{\"@id\":\"https:\\\/\\\/elibragerphotography.com\\\/hommer-og-kanari-pa-ekeberg\\\/\"},\"author\":{\"name\":\"elibrager\",\"@id\":\"https:\\\/\\\/elibragerphotography.com\\\/#\\\/schema\\\/person\\\/2d49ba3051dc6c73bb511d324539efbe\"},\"headline\":\"Hommer og kanari p\u00e5 Ekeberg\",\"datePublished\":\"2012-05-08T21:53:33+00:00\",\"mainEntityOfPage\":{\"@id\":\"https:\\\/\\\/elibragerphotography.com\\\/hommer-og-kanari-pa-ekeberg\\\/\"},\"wordCount\":40,\"commentCount\":0,\"publisher\":{\"@id\":\"https:\\\/\\\/elibragerphotography.com\\\/#\\\/schema\\\/person\\\/2d49ba3051dc6c73bb511d324539efbe\"},\"keywords\":[\"Ekeberg\",\"lek\",\"svart\\\/hvitt\"],\"articleSection\":[\"Litt av hvert\"],\"inLanguage\":\"nb-NO\",\"potentialAction\":[{\"@type\":\"CommentAction\",\"name\":\"Comment\",\"target\":[\"https:\\\/\\\/elibragerphotography.com\\\/hommer-og-kanari-pa-ekeberg\\\/#respond\"]}]},{\"@type\":\"WebPage\",\"@id\":\"https:\\\/\\\/elibragerphotography.com\\\/hommer-og-kanari-pa-ekeberg\\\/\",\"url\":\"https:\\\/\\\/elibragerphotography.com\\\/hommer-og-kanari-pa-ekeberg\\\/\",\"name\":\"Hommer og kanari p\u00e5 Ekeberg - Eli Brager Photography\",\"isPartOf\":{\"@id\":\"https:\\\/\\\/elibragerphotography.com\\\/#website\"},\"datePublished\":\"2012-05-08T21:53:33+00:00\",\"breadcrumb\":{\"@id\":\"https:\\\/\\\/elibragerphotography.com\\\/hommer-og-kanari-pa-ekeberg\\\/#breadcrumb\"},\"inLanguage\":\"nb-NO\",\"potentialAction\":[{\"@type\":\"ReadAction\",\"target\":[\"https:\\\/\\\/elibragerphotography.com\\\/hommer-og-kanari-pa-ekeberg\\\/\"]}]},{\"@type\":\"BreadcrumbList\",\"@id\":\"https:\\\/\\\/elibragerphotography.com\\\/hommer-og-kanari-pa-ekeberg\\\/#breadcrumb\",\"itemListElement\":[{\"@type\":\"ListItem\",\"position\":1,\"name\":\"Home\",\"item\":\"https:\\\/\\\/elibragerphotography.com\\\/\"},{\"@type\":\"ListItem\",\"position\":2,\"name\":\"Hommer og kanari p\u00e5 Ekeberg\"}]},{\"@type\":\"WebSite\",\"@id\":\"https:\\\/\\\/elibragerphotography.com\\\/#website\",\"url\":\"https:\\\/\\\/elibragerphotography.com\\\/\",\"name\":\"Eli Brager Photography\",\"description\":\"About Photography, Travelling and joy of life!\",\"publisher\":{\"@id\":\"https:\\\/\\\/elibragerphotography.com\\\/#\\\/schema\\\/person\\\/2d49ba3051dc6c73bb511d324539efbe\"},\"potentialAction\":[{\"@type\":\"SearchAction\",\"target\":{\"@type\":\"EntryPoint\",\"urlTemplate\":\"https:\\\/\\\/elibragerphotography.com\\\/?s={search_term_string}\"},\"query-input\":{\"@type\":\"PropertyValueSpecification\",\"valueRequired\":true,\"valueName\":\"search_term_string\"}}],\"inLanguage\":\"nb-NO\"},{\"@type\":[\"Person\",\"Organization\"],\"@id\":\"https:\\\/\\\/elibragerphotography.com\\\/#\\\/schema\\\/person\\\/2d49ba3051dc6c73bb511d324539efbe\",\"name\":\"elibrager\",\"image\":{\"@type\":\"ImageObject\",\"inLanguage\":\"nb-NO\",\"@id\":\"https:\\\/\\\/i0.wp.com\\\/elibragerphotography.com\\\/wp-content\\\/uploads\\\/2025\\\/08\\\/img_1334.jpeg?fit=1536%2C2048&quality=80&strip=all&ssl=1\",\"url\":\"https:\\\/\\\/i0.wp.com\\\/elibragerphotography.com\\\/wp-content\\\/uploads\\\/2025\\\/08\\\/img_1334.jpeg?fit=1536%2C2048&quality=80&strip=all&ssl=1\",\"contentUrl\":\"https:\\\/\\\/i0.wp.com\\\/elibragerphotography.com\\\/wp-content\\\/uploads\\\/2025\\\/08\\\/img_1334.jpeg?fit=1536%2C2048&quality=80&strip=all&ssl=1\",\"width\":1536,\"height\":2048,\"caption\":\"elibrager\"},\"logo\":{\"@id\":\"https:\\\/\\\/i0.wp.com\\\/elibragerphotography.com\\\/wp-content\\\/uploads\\\/2025\\\/08\\\/img_1334.jpeg?fit=1536%2C2048&quality=80&strip=all&ssl=1\"},\"description\":\"About Me Hi, I\u2019m Eli Irene Brager \u2013 photographer, writer, and lifelong wanderer in the quiet landscapes of the heart. Through my lens, I seek more than just images. I seek presence. I believe photography is not only about what we see, but how we see \u2014 how we meet the world with open eyes and a quiet mind. For me, photography is a way of listening. A form of mindfulness. A practice of stillness and wonder. I\u2019m also a globetrotter at heart. I love traveling and discovering new places with my camera \u2013 from quiet corners of nature to vibrant city streets. My blog reflects this love for exploring, with stories and photographs gathered along the way. Each journey deepens my appreciation for light, texture, and the way places speak if we take the time to listen. I photograph with both DSLR and iPhone, always guided by what moves me rather than by gear or trends. I created this space to share moments that speak, not shout. Images that invite you to pause. To feel. To breathe. Whether you\u2019re a fellow photographer or someone simply seeking calm in a noisy world, I hope you\u2019ll find something here that resonates. When I\u2019m not behind the camera, I write about mindful photography, run a Norwegian photo community called Se Utover, and create courses that combine creativity, presence, and personal growth. Thank you for visiting. I\u2019m so glad you\u2019re here.\",\"sameAs\":[\"http:\\\/\\\/elibragerphotography.com\",\"https:\\\/\\\/www.facebook.com\\\/EliBragerPhotography\",\"https:\\\/\\\/www.instagram.com\\\/elibrager\",\"https:\\\/\\\/www.youtube.com\\\/@bragerfoto9838\"],\"url\":\"https:\\\/\\\/elibragerphotography.com\\\/nb\\\/author\\\/elibrager\\\/\"}]}<\/script>\n<!-- \/ Yoast SEO plugin. -->","yoast_head_json":{"title":"Hommer og kanari p\u00e5 Ekeberg - Eli Brager Photography","robots":{"index":"index","follow":"follow","max-snippet":"max-snippet:-1","max-image-preview":"max-image-preview:large","max-video-preview":"max-video-preview:-1"},"canonical":"https:\/\/elibragerphotography.com\/nb\/hommer-og-kanari-pa-ekeberg\/","og_locale":"nb_NO","og_type":"article","og_title":"Hommer og kanari p\u00e5 Ekeberg - Eli Brager Photography","og_description":"Var en tur p\u00e5 Ekeberg i kveld da jeg hadde et lite \u00e6rend der oppe. Lekte meg litt med kameraet da ogs\u00e5, ikke s\u00e5 mange naturbilder, men litt annet. Har bearbeidet i Lightroom.","og_url":"https:\/\/elibragerphotography.com\/nb\/hommer-og-kanari-pa-ekeberg\/","og_site_name":"Eli Brager Photography","article_publisher":"https:\/\/www.facebook.com\/EliBragerPhotography","article_author":"https:\/\/www.facebook.com\/EliBragerPhotography","article_published_time":"2012-05-08T21:53:33+00:00","og_image":[{"url":"https:\/\/i0.wp.com\/elibragerphotography.com\/wp-content\/uploads\/2012\/05\/1205-0069.jpg?w=514&#038;h=413&#038;quality=80&#038;strip=all&#038;ssl=1","type":"","width":"","height":""}],"author":"elibrager","twitter_card":"summary_large_image","twitter_misc":{"Skrevet av":"elibrager"},"schema":{"@context":"https:\/\/schema.org","@graph":[{"@type":"Article","@id":"https:\/\/elibragerphotography.com\/hommer-og-kanari-pa-ekeberg\/#article","isPartOf":{"@id":"https:\/\/elibragerphotography.com\/hommer-og-kanari-pa-ekeberg\/"},"author":{"name":"elibrager","@id":"https:\/\/elibragerphotography.com\/#\/schema\/person\/2d49ba3051dc6c73bb511d324539efbe"},"headline":"Hommer og kanari p\u00e5 Ekeberg","datePublished":"2012-05-08T21:53:33+00:00","mainEntityOfPage":{"@id":"https:\/\/elibragerphotography.com\/hommer-og-kanari-pa-ekeberg\/"},"wordCount":40,"commentCount":0,"publisher":{"@id":"https:\/\/elibragerphotography.com\/#\/schema\/person\/2d49ba3051dc6c73bb511d324539efbe"},"keywords":["Ekeberg","lek","svart\/hvitt"],"articleSection":["Litt av hvert"],"inLanguage":"nb-NO","potentialAction":[{"@type":"CommentAction","name":"Comment","target":["https:\/\/elibragerphotography.com\/hommer-og-kanari-pa-ekeberg\/#respond"]}]},{"@type":"WebPage","@id":"https:\/\/elibragerphotography.com\/hommer-og-kanari-pa-ekeberg\/","url":"https:\/\/elibragerphotography.com\/hommer-og-kanari-pa-ekeberg\/","name":"Hommer og kanari p\u00e5 Ekeberg - Eli Brager Photography","isPartOf":{"@id":"https:\/\/elibragerphotography.com\/#website"},"datePublished":"2012-05-08T21:53:33+00:00","breadcrumb":{"@id":"https:\/\/elibragerphotography.com\/hommer-og-kanari-pa-ekeberg\/#breadcrumb"},"inLanguage":"nb-NO","potentialAction":[{"@type":"ReadAction","target":["https:\/\/elibragerphotography.com\/hommer-og-kanari-pa-ekeberg\/"]}]},{"@type":"BreadcrumbList","@id":"https:\/\/elibragerphotography.com\/hommer-og-kanari-pa-ekeberg\/#breadcrumb","itemListElement":[{"@type":"ListItem","position":1,"name":"Home","item":"https:\/\/elibragerphotography.com\/"},{"@type":"ListItem","position":2,"name":"Hommer og kanari p\u00e5 Ekeberg"}]},{"@type":"WebSite","@id":"https:\/\/elibragerphotography.com\/#website","url":"https:\/\/elibragerphotography.com\/","name":"Eli Brager Photography","description":"Om fotografering, reiser og livsglede!","publisher":{"@id":"https:\/\/elibragerphotography.com\/#\/schema\/person\/2d49ba3051dc6c73bb511d324539efbe"},"potentialAction":[{"@type":"SearchAction","target":{"@type":"EntryPoint","urlTemplate":"https:\/\/elibragerphotography.com\/?s={search_term_string}"},"query-input":{"@type":"PropertyValueSpecification","valueRequired":true,"valueName":"search_term_string"}}],"inLanguage":"nb-NO"},{"@type":["Person","Organization"],"@id":"https:\/\/elibragerphotography.com\/#\/schema\/person\/2d49ba3051dc6c73bb511d324539efbe","name":"elibrager","image":{"@type":"ImageObject","inLanguage":"nb-NO","@id":"https:\/\/i0.wp.com\/elibragerphotography.com\/wp-content\/uploads\/2025\/08\/img_1334.jpeg?fit=1536%2C2048&quality=80&strip=all&ssl=1","url":"https:\/\/i0.wp.com\/elibragerphotography.com\/wp-content\/uploads\/2025\/08\/img_1334.jpeg?fit=1536%2C2048&quality=80&strip=all&ssl=1","contentUrl":"https:\/\/i0.wp.com\/elibragerphotography.com\/wp-content\/uploads\/2025\/08\/img_1334.jpeg?fit=1536%2C2048&quality=80&strip=all&ssl=1","width":1536,"height":2048,"caption":"elibrager"},"logo":{"@id":"https:\/\/i0.wp.com\/elibragerphotography.com\/wp-content\/uploads\/2025\/08\/img_1334.jpeg?fit=1536%2C2048&quality=80&strip=all&ssl=1"},"description":"About Me Hi, I\u2019m Eli Irene Brager \u2013 photographer, writer, and lifelong wanderer in the quiet landscapes of the heart. Through my lens, I seek more than just images. I seek presence. I believe photography is not only about what we see, but how we see \u2014 how we meet the world with open eyes and a quiet mind. For me, photography is a way of listening. A form of mindfulness. A practice of stillness and wonder. I\u2019m also a globetrotter at heart. I love traveling and discovering new places with my camera \u2013 from quiet corners of nature to vibrant city streets. My blog reflects this love for exploring, with stories and photographs gathered along the way. Each journey deepens my appreciation for light, texture, and the way places speak if we take the time to listen. I photograph with both DSLR and iPhone, always guided by what moves me rather than by gear or trends. I created this space to share moments that speak, not shout. Images that invite you to pause. To feel. To breathe. Whether you\u2019re a fellow photographer or someone simply seeking calm in a noisy world, I hope you\u2019ll find something here that resonates. When I\u2019m not behind the camera, I write about mindful photography, run a Norwegian photo community called Se Utover, and create courses that combine creativity, presence, and personal growth. Thank you for visiting. I\u2019m so glad you\u2019re here.","sameAs":["http:\/\/elibragerphotography.com","https:\/\/www.facebook.com\/EliBragerPhotography","https:\/\/www.instagram.com\/elibrager","https:\/\/www.youtube.com\/@bragerfoto9838"],"url":"https:\/\/elibragerphotography.com\/nb\/author\/elibrager\/"}]}},"jetpack_publicize_connections":[],"jetpack_likes_enabled":true,"jetpack_sharing_enabled":true,"jetpack_shortlink":"https:\/\/wp.me\/p29FsT-6o","jetpack_featured_media_url":"","_links":{"self":[{"href":"https:\/\/elibragerphotography.com\/nb\/wp-json\/wp\/v2\/posts\/396","targetHints":{"allow":["GET"]}}],"collection":[{"href":"https:\/\/elibragerphotography.com\/nb\/wp-json\/wp\/v2\/posts"}],"about":[{"href":"https:\/\/elibragerphotography.com\/nb\/wp-json\/wp\/v2\/types\/post"}],"author":[{"embeddable":true,"href":"https:\/\/elibragerphotography.com\/nb\/wp-json\/wp\/v2\/users\/8754777"}],"replies":[{"embeddable":true,"href":"https:\/\/elibragerphotography.com\/nb\/wp-json\/wp\/v2\/comments?post=396"}],"version-history":[{"count":4,"href":"https:\/\/elibragerphotography.com\/nb\/wp-json\/wp\/v2\/posts\/396\/revisions"}],"predecessor-version":[{"id":4760,"href":"https:\/\/elibragerphotography.com\/nb\/wp-json\/wp\/v2\/posts\/396\/revisions\/4760"}],"wp:attachment":[{"href":"https:\/\/elibragerphotography.com\/nb\/wp-json\/wp\/v2\/media?parent=396"}],"wp:term":[{"taxonomy":"category","embeddable":true,"href":"https:\/\/elibragerphotography.com\/nb\/wp-json\/wp\/v2\/categories?post=396"},{"taxonomy":"post_tag","embeddable":true,"href":"https:\/\/elibragerphotography.com\/nb\/wp-json\/wp\/v2\/tags?post=396"}],"curies":[{"name":"wp","href":"https:\/\/api.w.org\/{rel}","templated":true}]}}