{"id":284,"date":"2012-04-07T09:37:36","date_gmt":"2012-04-07T09:37:36","guid":{"rendered":"http:\/\/elibragerphotography.com\/?p=284"},"modified":"2019-03-18T20:11:17","modified_gmt":"2019-03-18T20:11:17","slug":"hvitveis-og-snovaer-i-lillomarka","status":"publish","type":"post","link":"https:\/\/elibragerphotography.com\/nb\/hvitveis-og-snovaer-i-lillomarka\/","title":{"rendered":"Hvitveis og sn\u00f8v\u00e6r i Lillomarka"},"content":{"rendered":"<p>Torsdag gikk jeg en lengre tur i Lillomarka, p\u00e5 jakt etter hvitveis, og jeg fant da noen f\u00e5, men det sn\u00f8dde ogs\u00e5. Merkelig nok klarer de litt av hvert disse sm\u00e5 hvite hardf\u00f8re blomstene. Leo var naturligvis med, han er verdens mest tolmodige hund og sn\u00f8v\u00e6r det liker han.<\/p>\n<p><a href=\"https:\/\/i0.wp.com\/elibragerphotography.com\/wp-content\/uploads\/2012\/04\/1204-0542.jpg?ssl=1\"><img data-recalc-dims=\"1\" loading=\"lazy\" decoding=\"async\" data-attachment-id=\"286\" data-permalink=\"https:\/\/elibragerphotography.com\/nb\/hvitveis-og-snovaer-i-lillomarka\/1204-0542\/\" data-orig-file=\"https:\/\/i0.wp.com\/elibragerphotography.com\/wp-content\/uploads\/2012\/04\/1204-0542.jpg?fit=800%2C531&amp;ssl=1\" data-orig-size=\"800,531\" data-comments-opened=\"1\" data-image-meta=\"{&quot;aperture&quot;:&quot;2.8&quot;,&quot;credit&quot;:&quot;&quot;,&quot;camera&quot;:&quot;CORPORATION&quot;,&quot;caption&quot;:&quot;&quot;,&quot;created_timestamp&quot;:&quot;1333631567&quot;,&quot;copyright&quot;:&quot;&quot;,&quot;focal_length&quot;:&quot;150&quot;,&quot;iso&quot;:&quot;200&quot;,&quot;shutter_speed&quot;:&quot;0.003125&quot;,&quot;title&quot;:&quot;&quot;}\" data-image-title=\"Leo\" data-image-description=\"\" data-image-caption=\"\" data-large-file=\"https:\/\/i0.wp.com\/elibragerphotography.com\/wp-content\/uploads\/2012\/04\/1204-0542.jpg?fit=800%2C531&amp;ssl=1\" class=\"aligncenter size-full wp-image-286\" title=\"Leo\" src=\"https:\/\/i0.wp.com\/elibragerphotography.com\/wp-content\/uploads\/2012\/04\/1204-0542.jpg?resize=600%2C398&#038;ssl=1\" alt=\"\" width=\"600\" height=\"398\" \/><\/a><\/p>\n<p><a href=\"https:\/\/i0.wp.com\/elibragerphotography.com\/wp-content\/uploads\/2012\/04\/1204-0537.jpg?ssl=1\"><img data-recalc-dims=\"1\" loading=\"lazy\" decoding=\"async\" data-attachment-id=\"285\" data-permalink=\"https:\/\/elibragerphotography.com\/nb\/hvitveis-og-snovaer-i-lillomarka\/1204-0537\/\" data-orig-file=\"https:\/\/i0.wp.com\/elibragerphotography.com\/wp-content\/uploads\/2012\/04\/1204-0537.jpg?fit=800%2C531&amp;ssl=1\" data-orig-size=\"800,531\" data-comments-opened=\"1\" data-image-meta=\"{&quot;aperture&quot;:&quot;2.8&quot;,&quot;credit&quot;:&quot;&quot;,&quot;camera&quot;:&quot;CORPORATION&quot;,&quot;caption&quot;:&quot;&quot;,&quot;created_timestamp&quot;:&quot;1333631347&quot;,&quot;copyright&quot;:&quot;&quot;,&quot;focal_length&quot;:&quot;150&quot;,&quot;iso&quot;:&quot;200&quot;,&quot;shutter_speed&quot;:&quot;0.003125&quot;,&quot;title&quot;:&quot;&quot;}\" data-image-title=\"Hvitveis\" data-image-description=\"\" data-image-caption=\"\" data-large-file=\"https:\/\/i0.wp.com\/elibragerphotography.com\/wp-content\/uploads\/2012\/04\/1204-0537.jpg?fit=800%2C531&amp;ssl=1\" class=\"aligncenter size-full wp-image-285\" title=\"Hvitveis\" src=\"https:\/\/i0.wp.com\/elibragerphotography.com\/wp-content\/uploads\/2012\/04\/1204-0537.jpg?resize=600%2C398&#038;ssl=1\" alt=\"\" width=\"600\" height=\"398\" \/><\/a><\/p>","protected":false},"excerpt":{"rendered":"<p>Torsdag gikk jeg en lengre tur i Lillomarka, p\u00e5 jakt etter hvitveis, og jeg fant da noen f\u00e5, men det sn\u00f8dde ogs\u00e5. Merkelig nok klarer de litt av hvert disse sm\u00e5 hvite hardf\u00f8re blomstene. Leo var naturligvis med, han er verdens mest tolmodige hund og sn\u00f8v\u00e6r det liker han.<\/p>","protected":false},"author":8754777,"featured_media":0,"comment_status":"open","ping_status":"open","sticky":false,"template":"","format":"standard","meta":{"_coblocks_attr":"","_coblocks_dimensions":"","_coblocks_responsive_height":"","_coblocks_accordion_ie_support":"","_kad_post_transparent":"","_kad_post_title":"","_kad_post_layout":"","_kad_post_sidebar_id":"","_kad_post_content_style":"","_kad_post_vertical_padding":"","_kad_post_feature":"","_kad_post_feature_position":"","_kad_post_header":false,"_kad_post_footer":false,"_kad_post_classname":"","_jetpack_newsletter_access":"","_jetpack_dont_email_post_to_subs":false,"_jetpack_newsletter_tier_id":0,"_jetpack_memberships_contains_paywalled_content":false,"_jetpack_memberships_contains_paid_content":false,"footnotes":"","jetpack_publicize_message":"","jetpack_publicize_feature_enabled":true,"jetpack_social_post_already_shared":false,"jetpack_social_options":{"image_generator_settings":{"template":"highway","default_image_id":0,"font":"","enabled":false},"version":2},"_wpas_customize_per_network":false,"jetpack_post_was_ever_published":false},"categories":[54419,459778],"tags":[783523249,35221813,783523278],"class_list":["post-284","post","type-post","status-publish","format-standard","hentry","category-hund","category-landscape-and-nature","tag-blomster","tag-hund-2","tag-hvitveis"],"yoast_head":"<!-- This site is optimized with the Yoast SEO plugin v27.5 - https:\/\/yoast.com\/product\/yoast-seo-wordpress\/ -->\n<title>Hvitveis og sn\u00f8v\u00e6r i Lillomarka - Eli Brager Photography<\/title>\n<meta name=\"robots\" content=\"index, follow, max-snippet:-1, max-image-preview:large, max-video-preview:-1\" \/>\n<link rel=\"canonical\" href=\"https:\/\/elibragerphotography.com\/nb\/hvitveis-og-snovaer-i-lillomarka\/\" \/>\n<meta property=\"og:locale\" content=\"nb_NO\" \/>\n<meta property=\"og:type\" content=\"article\" \/>\n<meta property=\"og:title\" content=\"Hvitveis og sn\u00f8v\u00e6r i Lillomarka - Eli Brager Photography\" \/>\n<meta property=\"og:description\" content=\"Torsdag gikk jeg en lengre tur i Lillomarka, p\u00e5 jakt etter hvitveis, og jeg fant da noen f\u00e5, men det sn\u00f8dde ogs\u00e5. Merkelig nok klarer de litt av hvert disse sm\u00e5 hvite hardf\u00f8re blomstene. Leo var naturligvis med, han er verdens mest tolmodige hund og sn\u00f8v\u00e6r det liker han.\" \/>\n<meta property=\"og:url\" content=\"https:\/\/elibragerphotography.com\/nb\/hvitveis-og-snovaer-i-lillomarka\/\" \/>\n<meta property=\"og:site_name\" content=\"Eli Brager Photography\" \/>\n<meta property=\"article:publisher\" content=\"https:\/\/www.facebook.com\/EliBragerPhotography\" \/>\n<meta property=\"article:author\" content=\"https:\/\/www.facebook.com\/EliBragerPhotography\" \/>\n<meta property=\"article:published_time\" content=\"2012-04-07T09:37:36+00:00\" \/>\n<meta property=\"article:modified_time\" content=\"2019-03-18T20:11:17+00:00\" \/>\n<meta property=\"og:image\" content=\"https:\/\/elibragerphotography.com\/wp-content\/uploads\/2012\/04\/1204-0542.jpg\" \/>\n<meta name=\"author\" content=\"elibrager\" \/>\n<meta name=\"twitter:card\" content=\"summary_large_image\" \/>\n<meta name=\"twitter:label1\" content=\"Skrevet av\" \/>\n\t<meta name=\"twitter:data1\" content=\"elibrager\" \/>\n<script type=\"application\/ld+json\" class=\"yoast-schema-graph\">{\"@context\":\"https:\\\/\\\/schema.org\",\"@graph\":[{\"@type\":\"Article\",\"@id\":\"https:\\\/\\\/elibragerphotography.com\\\/hvitveis-og-snovaer-i-lillomarka\\\/#article\",\"isPartOf\":{\"@id\":\"https:\\\/\\\/elibragerphotography.com\\\/hvitveis-og-snovaer-i-lillomarka\\\/\"},\"author\":{\"name\":\"elibrager\",\"@id\":\"https:\\\/\\\/elibragerphotography.com\\\/#\\\/schema\\\/person\\\/2d49ba3051dc6c73bb511d324539efbe\"},\"headline\":\"Hvitveis og sn\u00f8v\u00e6r i Lillomarka\",\"datePublished\":\"2012-04-07T09:37:36+00:00\",\"dateModified\":\"2019-03-18T20:11:17+00:00\",\"mainEntityOfPage\":{\"@id\":\"https:\\\/\\\/elibragerphotography.com\\\/hvitveis-og-snovaer-i-lillomarka\\\/\"},\"wordCount\":60,\"commentCount\":2,\"publisher\":{\"@id\":\"https:\\\/\\\/elibragerphotography.com\\\/#\\\/schema\\\/person\\\/2d49ba3051dc6c73bb511d324539efbe\"},\"image\":{\"@id\":\"https:\\\/\\\/elibragerphotography.com\\\/hvitveis-og-snovaer-i-lillomarka\\\/#primaryimage\"},\"thumbnailUrl\":\"https:\\\/\\\/elibragerphotography.com\\\/wp-content\\\/uploads\\\/2012\\\/04\\\/1204-0542.jpg\",\"keywords\":[\"Blomster\",\"hund\",\"Hvitveis\"],\"articleSection\":[\"Hund\",\"Landscape and nature\"],\"inLanguage\":\"nb-NO\",\"potentialAction\":[{\"@type\":\"CommentAction\",\"name\":\"Comment\",\"target\":[\"https:\\\/\\\/elibragerphotography.com\\\/hvitveis-og-snovaer-i-lillomarka\\\/#respond\"]}]},{\"@type\":\"WebPage\",\"@id\":\"https:\\\/\\\/elibragerphotography.com\\\/hvitveis-og-snovaer-i-lillomarka\\\/\",\"url\":\"https:\\\/\\\/elibragerphotography.com\\\/hvitveis-og-snovaer-i-lillomarka\\\/\",\"name\":\"Hvitveis og sn\u00f8v\u00e6r i Lillomarka - Eli Brager Photography\",\"isPartOf\":{\"@id\":\"https:\\\/\\\/elibragerphotography.com\\\/#website\"},\"primaryImageOfPage\":{\"@id\":\"https:\\\/\\\/elibragerphotography.com\\\/hvitveis-og-snovaer-i-lillomarka\\\/#primaryimage\"},\"image\":{\"@id\":\"https:\\\/\\\/elibragerphotography.com\\\/hvitveis-og-snovaer-i-lillomarka\\\/#primaryimage\"},\"thumbnailUrl\":\"https:\\\/\\\/elibragerphotography.com\\\/wp-content\\\/uploads\\\/2012\\\/04\\\/1204-0542.jpg\",\"datePublished\":\"2012-04-07T09:37:36+00:00\",\"dateModified\":\"2019-03-18T20:11:17+00:00\",\"breadcrumb\":{\"@id\":\"https:\\\/\\\/elibragerphotography.com\\\/hvitveis-og-snovaer-i-lillomarka\\\/#breadcrumb\"},\"inLanguage\":\"nb-NO\",\"potentialAction\":[{\"@type\":\"ReadAction\",\"target\":[\"https:\\\/\\\/elibragerphotography.com\\\/hvitveis-og-snovaer-i-lillomarka\\\/\"]}]},{\"@type\":\"ImageObject\",\"inLanguage\":\"nb-NO\",\"@id\":\"https:\\\/\\\/elibragerphotography.com\\\/hvitveis-og-snovaer-i-lillomarka\\\/#primaryimage\",\"url\":\"https:\\\/\\\/elibragerphotography.com\\\/wp-content\\\/uploads\\\/2012\\\/04\\\/1204-0542.jpg\",\"contentUrl\":\"https:\\\/\\\/elibragerphotography.com\\\/wp-content\\\/uploads\\\/2012\\\/04\\\/1204-0542.jpg\"},{\"@type\":\"BreadcrumbList\",\"@id\":\"https:\\\/\\\/elibragerphotography.com\\\/hvitveis-og-snovaer-i-lillomarka\\\/#breadcrumb\",\"itemListElement\":[{\"@type\":\"ListItem\",\"position\":1,\"name\":\"Home\",\"item\":\"https:\\\/\\\/elibragerphotography.com\\\/\"},{\"@type\":\"ListItem\",\"position\":2,\"name\":\"Hvitveis og sn\u00f8v\u00e6r i Lillomarka\"}]},{\"@type\":\"WebSite\",\"@id\":\"https:\\\/\\\/elibragerphotography.com\\\/#website\",\"url\":\"https:\\\/\\\/elibragerphotography.com\\\/\",\"name\":\"Eli Brager Photography\",\"description\":\"About Photography, Travelling and joy of life!\",\"publisher\":{\"@id\":\"https:\\\/\\\/elibragerphotography.com\\\/#\\\/schema\\\/person\\\/2d49ba3051dc6c73bb511d324539efbe\"},\"potentialAction\":[{\"@type\":\"SearchAction\",\"target\":{\"@type\":\"EntryPoint\",\"urlTemplate\":\"https:\\\/\\\/elibragerphotography.com\\\/?s={search_term_string}\"},\"query-input\":{\"@type\":\"PropertyValueSpecification\",\"valueRequired\":true,\"valueName\":\"search_term_string\"}}],\"inLanguage\":\"nb-NO\"},{\"@type\":[\"Person\",\"Organization\"],\"@id\":\"https:\\\/\\\/elibragerphotography.com\\\/#\\\/schema\\\/person\\\/2d49ba3051dc6c73bb511d324539efbe\",\"name\":\"elibrager\",\"image\":{\"@type\":\"ImageObject\",\"inLanguage\":\"nb-NO\",\"@id\":\"https:\\\/\\\/i0.wp.com\\\/elibragerphotography.com\\\/wp-content\\\/uploads\\\/2025\\\/08\\\/img_1334.jpeg?fit=1536%2C2048&quality=80&strip=all&ssl=1\",\"url\":\"https:\\\/\\\/i0.wp.com\\\/elibragerphotography.com\\\/wp-content\\\/uploads\\\/2025\\\/08\\\/img_1334.jpeg?fit=1536%2C2048&quality=80&strip=all&ssl=1\",\"contentUrl\":\"https:\\\/\\\/i0.wp.com\\\/elibragerphotography.com\\\/wp-content\\\/uploads\\\/2025\\\/08\\\/img_1334.jpeg?fit=1536%2C2048&quality=80&strip=all&ssl=1\",\"width\":1536,\"height\":2048,\"caption\":\"elibrager\"},\"logo\":{\"@id\":\"https:\\\/\\\/i0.wp.com\\\/elibragerphotography.com\\\/wp-content\\\/uploads\\\/2025\\\/08\\\/img_1334.jpeg?fit=1536%2C2048&quality=80&strip=all&ssl=1\"},\"description\":\"About Me Hi, I\u2019m Eli Irene Brager \u2013 photographer, writer, and lifelong wanderer in the quiet landscapes of the heart. Through my lens, I seek more than just images. I seek presence. I believe photography is not only about what we see, but how we see \u2014 how we meet the world with open eyes and a quiet mind. For me, photography is a way of listening. A form of mindfulness. A practice of stillness and wonder. I\u2019m also a globetrotter at heart. I love traveling and discovering new places with my camera \u2013 from quiet corners of nature to vibrant city streets. My blog reflects this love for exploring, with stories and photographs gathered along the way. Each journey deepens my appreciation for light, texture, and the way places speak if we take the time to listen. I photograph with both DSLR and iPhone, always guided by what moves me rather than by gear or trends. I created this space to share moments that speak, not shout. Images that invite you to pause. To feel. To breathe. Whether you\u2019re a fellow photographer or someone simply seeking calm in a noisy world, I hope you\u2019ll find something here that resonates. When I\u2019m not behind the camera, I write about mindful photography, run a Norwegian photo community called Se Utover, and create courses that combine creativity, presence, and personal growth. Thank you for visiting. I\u2019m so glad you\u2019re here.\",\"sameAs\":[\"http:\\\/\\\/elibragerphotography.com\",\"https:\\\/\\\/www.facebook.com\\\/EliBragerPhotography\",\"https:\\\/\\\/www.instagram.com\\\/elibrager\",\"https:\\\/\\\/www.youtube.com\\\/@bragerfoto9838\"],\"url\":\"https:\\\/\\\/elibragerphotography.com\\\/nb\\\/author\\\/elibrager\\\/\"}]}<\/script>\n<!-- \/ Yoast SEO plugin. -->","yoast_head_json":{"title":"Hvitveis og sn\u00f8v\u00e6r i Lillomarka - Eli Brager Photography","robots":{"index":"index","follow":"follow","max-snippet":"max-snippet:-1","max-image-preview":"max-image-preview:large","max-video-preview":"max-video-preview:-1"},"canonical":"https:\/\/elibragerphotography.com\/nb\/hvitveis-og-snovaer-i-lillomarka\/","og_locale":"nb_NO","og_type":"article","og_title":"Hvitveis og sn\u00f8v\u00e6r i Lillomarka - Eli Brager Photography","og_description":"Torsdag gikk jeg en lengre tur i Lillomarka, p\u00e5 jakt etter hvitveis, og jeg fant da noen f\u00e5, men det sn\u00f8dde ogs\u00e5. Merkelig nok klarer de litt av hvert disse sm\u00e5 hvite hardf\u00f8re blomstene. Leo var naturligvis med, han er verdens mest tolmodige hund og sn\u00f8v\u00e6r det liker han.","og_url":"https:\/\/elibragerphotography.com\/nb\/hvitveis-og-snovaer-i-lillomarka\/","og_site_name":"Eli Brager Photography","article_publisher":"https:\/\/www.facebook.com\/EliBragerPhotography","article_author":"https:\/\/www.facebook.com\/EliBragerPhotography","article_published_time":"2012-04-07T09:37:36+00:00","article_modified_time":"2019-03-18T20:11:17+00:00","og_image":[{"url":"https:\/\/elibragerphotography.com\/wp-content\/uploads\/2012\/04\/1204-0542.jpg","type":"","width":"","height":""}],"author":"elibrager","twitter_card":"summary_large_image","twitter_misc":{"Skrevet av":"elibrager"},"schema":{"@context":"https:\/\/schema.org","@graph":[{"@type":"Article","@id":"https:\/\/elibragerphotography.com\/hvitveis-og-snovaer-i-lillomarka\/#article","isPartOf":{"@id":"https:\/\/elibragerphotography.com\/hvitveis-og-snovaer-i-lillomarka\/"},"author":{"name":"elibrager","@id":"https:\/\/elibragerphotography.com\/#\/schema\/person\/2d49ba3051dc6c73bb511d324539efbe"},"headline":"Hvitveis og sn\u00f8v\u00e6r i Lillomarka","datePublished":"2012-04-07T09:37:36+00:00","dateModified":"2019-03-18T20:11:17+00:00","mainEntityOfPage":{"@id":"https:\/\/elibragerphotography.com\/hvitveis-og-snovaer-i-lillomarka\/"},"wordCount":60,"commentCount":2,"publisher":{"@id":"https:\/\/elibragerphotography.com\/#\/schema\/person\/2d49ba3051dc6c73bb511d324539efbe"},"image":{"@id":"https:\/\/elibragerphotography.com\/hvitveis-og-snovaer-i-lillomarka\/#primaryimage"},"thumbnailUrl":"https:\/\/elibragerphotography.com\/wp-content\/uploads\/2012\/04\/1204-0542.jpg","keywords":["Blomster","hund","Hvitveis"],"articleSection":["Hund","Landscape and nature"],"inLanguage":"nb-NO","potentialAction":[{"@type":"CommentAction","name":"Comment","target":["https:\/\/elibragerphotography.com\/hvitveis-og-snovaer-i-lillomarka\/#respond"]}]},{"@type":"WebPage","@id":"https:\/\/elibragerphotography.com\/hvitveis-og-snovaer-i-lillomarka\/","url":"https:\/\/elibragerphotography.com\/hvitveis-og-snovaer-i-lillomarka\/","name":"Hvitveis og sn\u00f8v\u00e6r i Lillomarka - Eli Brager Photography","isPartOf":{"@id":"https:\/\/elibragerphotography.com\/#website"},"primaryImageOfPage":{"@id":"https:\/\/elibragerphotography.com\/hvitveis-og-snovaer-i-lillomarka\/#primaryimage"},"image":{"@id":"https:\/\/elibragerphotography.com\/hvitveis-og-snovaer-i-lillomarka\/#primaryimage"},"thumbnailUrl":"https:\/\/elibragerphotography.com\/wp-content\/uploads\/2012\/04\/1204-0542.jpg","datePublished":"2012-04-07T09:37:36+00:00","dateModified":"2019-03-18T20:11:17+00:00","breadcrumb":{"@id":"https:\/\/elibragerphotography.com\/hvitveis-og-snovaer-i-lillomarka\/#breadcrumb"},"inLanguage":"nb-NO","potentialAction":[{"@type":"ReadAction","target":["https:\/\/elibragerphotography.com\/hvitveis-og-snovaer-i-lillomarka\/"]}]},{"@type":"ImageObject","inLanguage":"nb-NO","@id":"https:\/\/elibragerphotography.com\/hvitveis-og-snovaer-i-lillomarka\/#primaryimage","url":"https:\/\/elibragerphotography.com\/wp-content\/uploads\/2012\/04\/1204-0542.jpg","contentUrl":"https:\/\/elibragerphotography.com\/wp-content\/uploads\/2012\/04\/1204-0542.jpg"},{"@type":"BreadcrumbList","@id":"https:\/\/elibragerphotography.com\/hvitveis-og-snovaer-i-lillomarka\/#breadcrumb","itemListElement":[{"@type":"ListItem","position":1,"name":"Home","item":"https:\/\/elibragerphotography.com\/"},{"@type":"ListItem","position":2,"name":"Hvitveis og sn\u00f8v\u00e6r i Lillomarka"}]},{"@type":"WebSite","@id":"https:\/\/elibragerphotography.com\/#website","url":"https:\/\/elibragerphotography.com\/","name":"Eli Brager Photography","description":"Om fotografering, reiser og livsglede!","publisher":{"@id":"https:\/\/elibragerphotography.com\/#\/schema\/person\/2d49ba3051dc6c73bb511d324539efbe"},"potentialAction":[{"@type":"SearchAction","target":{"@type":"EntryPoint","urlTemplate":"https:\/\/elibragerphotography.com\/?s={search_term_string}"},"query-input":{"@type":"PropertyValueSpecification","valueRequired":true,"valueName":"search_term_string"}}],"inLanguage":"nb-NO"},{"@type":["Person","Organization"],"@id":"https:\/\/elibragerphotography.com\/#\/schema\/person\/2d49ba3051dc6c73bb511d324539efbe","name":"elibrager","image":{"@type":"ImageObject","inLanguage":"nb-NO","@id":"https:\/\/i0.wp.com\/elibragerphotography.com\/wp-content\/uploads\/2025\/08\/img_1334.jpeg?fit=1536%2C2048&quality=80&strip=all&ssl=1","url":"https:\/\/i0.wp.com\/elibragerphotography.com\/wp-content\/uploads\/2025\/08\/img_1334.jpeg?fit=1536%2C2048&quality=80&strip=all&ssl=1","contentUrl":"https:\/\/i0.wp.com\/elibragerphotography.com\/wp-content\/uploads\/2025\/08\/img_1334.jpeg?fit=1536%2C2048&quality=80&strip=all&ssl=1","width":1536,"height":2048,"caption":"elibrager"},"logo":{"@id":"https:\/\/i0.wp.com\/elibragerphotography.com\/wp-content\/uploads\/2025\/08\/img_1334.jpeg?fit=1536%2C2048&quality=80&strip=all&ssl=1"},"description":"About Me Hi, I\u2019m Eli Irene Brager \u2013 photographer, writer, and lifelong wanderer in the quiet landscapes of the heart. Through my lens, I seek more than just images. I seek presence. I believe photography is not only about what we see, but how we see \u2014 how we meet the world with open eyes and a quiet mind. For me, photography is a way of listening. A form of mindfulness. A practice of stillness and wonder. I\u2019m also a globetrotter at heart. I love traveling and discovering new places with my camera \u2013 from quiet corners of nature to vibrant city streets. My blog reflects this love for exploring, with stories and photographs gathered along the way. Each journey deepens my appreciation for light, texture, and the way places speak if we take the time to listen. I photograph with both DSLR and iPhone, always guided by what moves me rather than by gear or trends. I created this space to share moments that speak, not shout. Images that invite you to pause. To feel. To breathe. Whether you\u2019re a fellow photographer or someone simply seeking calm in a noisy world, I hope you\u2019ll find something here that resonates. When I\u2019m not behind the camera, I write about mindful photography, run a Norwegian photo community called Se Utover, and create courses that combine creativity, presence, and personal growth. Thank you for visiting. I\u2019m so glad you\u2019re here.","sameAs":["http:\/\/elibragerphotography.com","https:\/\/www.facebook.com\/EliBragerPhotography","https:\/\/www.instagram.com\/elibrager","https:\/\/www.youtube.com\/@bragerfoto9838"],"url":"https:\/\/elibragerphotography.com\/nb\/author\/elibrager\/"}]}},"jetpack_publicize_connections":[],"jetpack_featured_media_url":"","jetpack_likes_enabled":true,"jetpack_sharing_enabled":true,"jetpack_shortlink":"https:\/\/wp.me\/p29FsT-4A","_links":{"self":[{"href":"https:\/\/elibragerphotography.com\/nb\/wp-json\/wp\/v2\/posts\/284","targetHints":{"allow":["GET"]}}],"collection":[{"href":"https:\/\/elibragerphotography.com\/nb\/wp-json\/wp\/v2\/posts"}],"about":[{"href":"https:\/\/elibragerphotography.com\/nb\/wp-json\/wp\/v2\/types\/post"}],"author":[{"embeddable":true,"href":"https:\/\/elibragerphotography.com\/nb\/wp-json\/wp\/v2\/users\/8754777"}],"replies":[{"embeddable":true,"href":"https:\/\/elibragerphotography.com\/nb\/wp-json\/wp\/v2\/comments?post=284"}],"version-history":[{"count":5,"href":"https:\/\/elibragerphotography.com\/nb\/wp-json\/wp\/v2\/posts\/284\/revisions"}],"predecessor-version":[{"id":4750,"href":"https:\/\/elibragerphotography.com\/nb\/wp-json\/wp\/v2\/posts\/284\/revisions\/4750"}],"wp:attachment":[{"href":"https:\/\/elibragerphotography.com\/nb\/wp-json\/wp\/v2\/media?parent=284"}],"wp:term":[{"taxonomy":"category","embeddable":true,"href":"https:\/\/elibragerphotography.com\/nb\/wp-json\/wp\/v2\/categories?post=284"},{"taxonomy":"post_tag","embeddable":true,"href":"https:\/\/elibragerphotography.com\/nb\/wp-json\/wp\/v2\/tags?post=284"}],"curies":[{"name":"wp","href":"https:\/\/api.w.org\/{rel}","templated":true}]}}