{"id":24,"date":"2012-01-29T14:45:24","date_gmt":"2012-01-29T14:45:24","guid":{"rendered":"http:\/\/elibragerphotography.com\/?p=24"},"modified":"2019-03-18T20:21:48","modified_gmt":"2019-03-18T20:21:48","slug":"farger-i-det-gra","status":"publish","type":"post","link":"https:\/\/elibragerphotography.com\/nb\/farger-i-det-gra\/","title":{"rendered":"Farger i det gr\u00e5"},"content":{"rendered":"<figure id=\"attachment_25\" aria-describedby=\"caption-attachment-25\" style=\"width: 204px\" class=\"wp-caption alignnone\"><a href=\"https:\/\/i0.wp.com\/elibragerphotography.com\/wp-content\/uploads\/2012\/01\/1201-0143.jpg?ssl=1\"><img data-recalc-dims=\"1\" loading=\"lazy\" decoding=\"async\" data-attachment-id=\"25\" data-permalink=\"https:\/\/elibragerphotography.com\/nb\/farger-i-det-gra\/1201-0143\/\" data-orig-file=\"https:\/\/i0.wp.com\/elibragerphotography.com\/wp-content\/uploads\/2012\/01\/1201-0143.jpg?fit=697%2C1024&amp;ssl=1\" data-orig-size=\"697,1024\" data-comments-opened=\"1\" data-image-meta=\"{&quot;aperture&quot;:&quot;5.6&quot;,&quot;credit&quot;:&quot;&quot;,&quot;camera&quot;:&quot;NIKON D300&quot;,&quot;caption&quot;:&quot;&quot;,&quot;created_timestamp&quot;:&quot;1327846263&quot;,&quot;copyright&quot;:&quot;&quot;,&quot;focal_length&quot;:&quot;130&quot;,&quot;iso&quot;:&quot;200&quot;,&quot;shutter_speed&quot;:&quot;0.00625&quot;,&quot;title&quot;:&quot;&quot;}\" data-image-title=\"1201-0143\" data-image-description=\"&lt;p&gt;Bildet er tatt i dag igjen p\u00e5 Bygd\u00f8. \u00c5 g\u00e5 i fj\u00e6ra og lete etter detaljer mellom sn\u00f8 og is, kan gi noen inntrykk. I dag fant jeg noen skjell som farget opp tilv\u00e6relsen i alt det gr\u00e5e rundt. &lt;\/p&gt;\" data-image-caption=\"&lt;p&gt;Farger i det gr\u00e5&lt;\/p&gt;\" data-large-file=\"https:\/\/i0.wp.com\/elibragerphotography.com\/wp-content\/uploads\/2012\/01\/1201-0143.jpg?fit=697%2C1024&amp;ssl=1\" class=\"size-medium wp-image-25\" title=\"1201-0143\" src=\"https:\/\/i0.wp.com\/elibragerphotography.com\/wp-content\/uploads\/2012\/01\/1201-0143.jpg?resize=204%2C300&#038;ssl=1\" alt=\"\" width=\"204\" height=\"300\" \/><\/a><figcaption id=\"caption-attachment-25\" class=\"wp-caption-text\">Farger i det gr\u00e5<\/figcaption><\/figure>\n<p>Fotograferingen min har ligget brakk en tid, n\u00e5 har jeg s\u00e5 sm\u00e5tt begynt \u00e5 ta det hele opp igjen. Sist s\u00f8ndag var jeg p\u00e5 Bygd\u00f8 og tok det f\u00f8rste bildet i denne bloggen, i dag dro jeg igjen ut dit og gikk og lette etter detaljer i fj\u00e6ra. Da kom jeg over dette skjellet. Det lyste opp med sine farger midt i alt det gr\u00e5e.<\/p>","protected":false},"excerpt":{"rendered":"<p>Fotograferingen min har ligget brakk en tid, n\u00e5 har jeg s\u00e5 sm\u00e5tt begynt \u00e5 ta det hele opp igjen. Sist s\u00f8ndag var jeg p\u00e5 Bygd\u00f8 og tok det f\u00f8rste bildet i denne bloggen, i dag dro jeg igjen ut dit og gikk og lette etter detaljer i fj\u00e6ra. Da kom jeg over dette skjellet. Det&#8230;<\/p>","protected":false},"author":8754777,"featured_media":0,"comment_status":"open","ping_status":"open","sticky":false,"template":"","format":"standard","meta":{"_coblocks_attr":"","_coblocks_dimensions":"","_coblocks_responsive_height":"","_coblocks_accordion_ie_support":"","_kad_post_transparent":"","_kad_post_title":"","_kad_post_layout":"","_kad_post_sidebar_id":"","_kad_post_content_style":"","_kad_post_vertical_padding":"","_kad_post_feature":"","_kad_post_feature_position":"","_kad_post_header":false,"_kad_post_footer":false,"_kad_post_classname":"","_jetpack_newsletter_access":"","_jetpack_dont_email_post_to_subs":false,"_jetpack_newsletter_tier_id":0,"_jetpack_memberships_contains_paywalled_content":false,"_jetpack_memberships_contains_paid_content":false,"footnotes":"","jetpack_publicize_message":"","jetpack_publicize_feature_enabled":true,"jetpack_social_post_already_shared":false,"jetpack_social_options":{"image_generator_settings":{"template":"highway","default_image_id":0,"font":"","enabled":false},"version":2},"_wpas_customize_per_network":false,"jetpack_post_was_ever_published":false},"categories":[378680,459778,391570],"tags":[1289223],"class_list":["post-24","post","type-post","status-publish","format-standard","hentry","category-fjord","category-landscape-and-nature","category-vinter","tag-skjell"],"yoast_head":"<!-- This site is optimized with the Yoast SEO plugin v27.5 - https:\/\/yoast.com\/product\/yoast-seo-wordpress\/ -->\n<title>Farger i det gr\u00e5 - Eli Brager Photography<\/title>\n<meta name=\"robots\" content=\"index, follow, max-snippet:-1, max-image-preview:large, max-video-preview:-1\" \/>\n<link rel=\"canonical\" href=\"https:\/\/elibragerphotography.com\/nb\/farger-i-det-gra\/\" \/>\n<meta property=\"og:locale\" content=\"nb_NO\" \/>\n<meta property=\"og:type\" content=\"article\" \/>\n<meta property=\"og:title\" content=\"Farger i det gr\u00e5 - Eli Brager Photography\" \/>\n<meta property=\"og:description\" content=\"Fotograferingen min har ligget brakk en tid, n\u00e5 har jeg s\u00e5 sm\u00e5tt begynt \u00e5 ta det hele opp igjen. Sist s\u00f8ndag var jeg p\u00e5 Bygd\u00f8 og tok det f\u00f8rste bildet i denne bloggen, i dag dro jeg igjen ut dit og gikk og lette etter detaljer i fj\u00e6ra. Da kom jeg over dette skjellet. Det...\" \/>\n<meta property=\"og:url\" content=\"https:\/\/elibragerphotography.com\/nb\/farger-i-det-gra\/\" \/>\n<meta property=\"og:site_name\" content=\"Eli Brager Photography\" \/>\n<meta property=\"article:publisher\" content=\"https:\/\/www.facebook.com\/EliBragerPhotography\" \/>\n<meta property=\"article:author\" content=\"https:\/\/www.facebook.com\/EliBragerPhotography\" \/>\n<meta property=\"article:published_time\" content=\"2012-01-29T14:45:24+00:00\" \/>\n<meta property=\"article:modified_time\" content=\"2019-03-18T20:21:48+00:00\" \/>\n<meta property=\"og:image\" content=\"https:\/\/elibragerphotography.com\/wp-content\/uploads\/2012\/01\/1201-0143.jpg?w=204\" \/>\n<meta name=\"author\" content=\"elibrager\" \/>\n<meta name=\"twitter:card\" content=\"summary_large_image\" \/>\n<meta name=\"twitter:label1\" content=\"Skrevet av\" \/>\n\t<meta name=\"twitter:data1\" content=\"elibrager\" \/>\n<script type=\"application\/ld+json\" class=\"yoast-schema-graph\">{\"@context\":\"https:\\\/\\\/schema.org\",\"@graph\":[{\"@type\":\"Article\",\"@id\":\"https:\\\/\\\/elibragerphotography.com\\\/farger-i-det-gra\\\/#article\",\"isPartOf\":{\"@id\":\"https:\\\/\\\/elibragerphotography.com\\\/farger-i-det-gra\\\/\"},\"author\":{\"name\":\"elibrager\",\"@id\":\"https:\\\/\\\/elibragerphotography.com\\\/#\\\/schema\\\/person\\\/2d49ba3051dc6c73bb511d324539efbe\"},\"headline\":\"Farger i det gr\u00e5\",\"datePublished\":\"2012-01-29T14:45:24+00:00\",\"dateModified\":\"2019-03-18T20:21:48+00:00\",\"mainEntityOfPage\":{\"@id\":\"https:\\\/\\\/elibragerphotography.com\\\/farger-i-det-gra\\\/\"},\"wordCount\":84,\"commentCount\":2,\"publisher\":{\"@id\":\"https:\\\/\\\/elibragerphotography.com\\\/#\\\/schema\\\/person\\\/2d49ba3051dc6c73bb511d324539efbe\"},\"image\":{\"@id\":\"https:\\\/\\\/elibragerphotography.com\\\/farger-i-det-gra\\\/#primaryimage\"},\"thumbnailUrl\":\"https:\\\/\\\/elibragerphotography.com\\\/wp-content\\\/uploads\\\/2012\\\/01\\\/1201-0143.jpg?w=204\",\"keywords\":[\"Skjell\"],\"articleSection\":[\"Fjord\",\"Landscape and nature\",\"Vinter\"],\"inLanguage\":\"nb-NO\",\"potentialAction\":[{\"@type\":\"CommentAction\",\"name\":\"Comment\",\"target\":[\"https:\\\/\\\/elibragerphotography.com\\\/farger-i-det-gra\\\/#respond\"]}]},{\"@type\":\"WebPage\",\"@id\":\"https:\\\/\\\/elibragerphotography.com\\\/farger-i-det-gra\\\/\",\"url\":\"https:\\\/\\\/elibragerphotography.com\\\/farger-i-det-gra\\\/\",\"name\":\"Farger i det gr\u00e5 - Eli Brager Photography\",\"isPartOf\":{\"@id\":\"https:\\\/\\\/elibragerphotography.com\\\/#website\"},\"primaryImageOfPage\":{\"@id\":\"https:\\\/\\\/elibragerphotography.com\\\/farger-i-det-gra\\\/#primaryimage\"},\"image\":{\"@id\":\"https:\\\/\\\/elibragerphotography.com\\\/farger-i-det-gra\\\/#primaryimage\"},\"thumbnailUrl\":\"https:\\\/\\\/elibragerphotography.com\\\/wp-content\\\/uploads\\\/2012\\\/01\\\/1201-0143.jpg?w=204\",\"datePublished\":\"2012-01-29T14:45:24+00:00\",\"dateModified\":\"2019-03-18T20:21:48+00:00\",\"breadcrumb\":{\"@id\":\"https:\\\/\\\/elibragerphotography.com\\\/farger-i-det-gra\\\/#breadcrumb\"},\"inLanguage\":\"nb-NO\",\"potentialAction\":[{\"@type\":\"ReadAction\",\"target\":[\"https:\\\/\\\/elibragerphotography.com\\\/farger-i-det-gra\\\/\"]}]},{\"@type\":\"ImageObject\",\"inLanguage\":\"nb-NO\",\"@id\":\"https:\\\/\\\/elibragerphotography.com\\\/farger-i-det-gra\\\/#primaryimage\",\"url\":\"https:\\\/\\\/elibragerphotography.com\\\/wp-content\\\/uploads\\\/2012\\\/01\\\/1201-0143.jpg?w=204\",\"contentUrl\":\"https:\\\/\\\/elibragerphotography.com\\\/wp-content\\\/uploads\\\/2012\\\/01\\\/1201-0143.jpg?w=204\"},{\"@type\":\"BreadcrumbList\",\"@id\":\"https:\\\/\\\/elibragerphotography.com\\\/farger-i-det-gra\\\/#breadcrumb\",\"itemListElement\":[{\"@type\":\"ListItem\",\"position\":1,\"name\":\"Home\",\"item\":\"https:\\\/\\\/elibragerphotography.com\\\/\"},{\"@type\":\"ListItem\",\"position\":2,\"name\":\"Farger i det gr\u00e5\"}]},{\"@type\":\"WebSite\",\"@id\":\"https:\\\/\\\/elibragerphotography.com\\\/#website\",\"url\":\"https:\\\/\\\/elibragerphotography.com\\\/\",\"name\":\"Eli Brager Photography\",\"description\":\"About Photography, Travelling and joy of life!\",\"publisher\":{\"@id\":\"https:\\\/\\\/elibragerphotography.com\\\/#\\\/schema\\\/person\\\/2d49ba3051dc6c73bb511d324539efbe\"},\"potentialAction\":[{\"@type\":\"SearchAction\",\"target\":{\"@type\":\"EntryPoint\",\"urlTemplate\":\"https:\\\/\\\/elibragerphotography.com\\\/?s={search_term_string}\"},\"query-input\":{\"@type\":\"PropertyValueSpecification\",\"valueRequired\":true,\"valueName\":\"search_term_string\"}}],\"inLanguage\":\"nb-NO\"},{\"@type\":[\"Person\",\"Organization\"],\"@id\":\"https:\\\/\\\/elibragerphotography.com\\\/#\\\/schema\\\/person\\\/2d49ba3051dc6c73bb511d324539efbe\",\"name\":\"elibrager\",\"image\":{\"@type\":\"ImageObject\",\"inLanguage\":\"nb-NO\",\"@id\":\"https:\\\/\\\/i0.wp.com\\\/elibragerphotography.com\\\/wp-content\\\/uploads\\\/2025\\\/08\\\/img_1334.jpeg?fit=1536%2C2048&quality=80&strip=all&ssl=1\",\"url\":\"https:\\\/\\\/i0.wp.com\\\/elibragerphotography.com\\\/wp-content\\\/uploads\\\/2025\\\/08\\\/img_1334.jpeg?fit=1536%2C2048&quality=80&strip=all&ssl=1\",\"contentUrl\":\"https:\\\/\\\/i0.wp.com\\\/elibragerphotography.com\\\/wp-content\\\/uploads\\\/2025\\\/08\\\/img_1334.jpeg?fit=1536%2C2048&quality=80&strip=all&ssl=1\",\"width\":1536,\"height\":2048,\"caption\":\"elibrager\"},\"logo\":{\"@id\":\"https:\\\/\\\/i0.wp.com\\\/elibragerphotography.com\\\/wp-content\\\/uploads\\\/2025\\\/08\\\/img_1334.jpeg?fit=1536%2C2048&quality=80&strip=all&ssl=1\"},\"description\":\"About Me Hi, I\u2019m Eli Irene Brager \u2013 photographer, writer, and lifelong wanderer in the quiet landscapes of the heart. Through my lens, I seek more than just images. I seek presence. I believe photography is not only about what we see, but how we see \u2014 how we meet the world with open eyes and a quiet mind. For me, photography is a way of listening. A form of mindfulness. A practice of stillness and wonder. I\u2019m also a globetrotter at heart. I love traveling and discovering new places with my camera \u2013 from quiet corners of nature to vibrant city streets. My blog reflects this love for exploring, with stories and photographs gathered along the way. Each journey deepens my appreciation for light, texture, and the way places speak if we take the time to listen. I photograph with both DSLR and iPhone, always guided by what moves me rather than by gear or trends. I created this space to share moments that speak, not shout. Images that invite you to pause. To feel. To breathe. Whether you\u2019re a fellow photographer or someone simply seeking calm in a noisy world, I hope you\u2019ll find something here that resonates. When I\u2019m not behind the camera, I write about mindful photography, run a Norwegian photo community called Se Utover, and create courses that combine creativity, presence, and personal growth. Thank you for visiting. I\u2019m so glad you\u2019re here.\",\"sameAs\":[\"http:\\\/\\\/elibragerphotography.com\",\"https:\\\/\\\/www.facebook.com\\\/EliBragerPhotography\",\"https:\\\/\\\/www.instagram.com\\\/elibrager\",\"https:\\\/\\\/www.youtube.com\\\/@bragerfoto9838\"],\"url\":\"https:\\\/\\\/elibragerphotography.com\\\/nb\\\/author\\\/elibrager\\\/\"}]}<\/script>\n<!-- \/ Yoast SEO plugin. -->","yoast_head_json":{"title":"Farger i det gr\u00e5 - Eli Brager Photography","robots":{"index":"index","follow":"follow","max-snippet":"max-snippet:-1","max-image-preview":"max-image-preview:large","max-video-preview":"max-video-preview:-1"},"canonical":"https:\/\/elibragerphotography.com\/nb\/farger-i-det-gra\/","og_locale":"nb_NO","og_type":"article","og_title":"Farger i det gr\u00e5 - Eli Brager Photography","og_description":"Fotograferingen min har ligget brakk en tid, n\u00e5 har jeg s\u00e5 sm\u00e5tt begynt \u00e5 ta det hele opp igjen. Sist s\u00f8ndag var jeg p\u00e5 Bygd\u00f8 og tok det f\u00f8rste bildet i denne bloggen, i dag dro jeg igjen ut dit og gikk og lette etter detaljer i fj\u00e6ra. Da kom jeg over dette skjellet. Det...","og_url":"https:\/\/elibragerphotography.com\/nb\/farger-i-det-gra\/","og_site_name":"Eli Brager Photography","article_publisher":"https:\/\/www.facebook.com\/EliBragerPhotography","article_author":"https:\/\/www.facebook.com\/EliBragerPhotography","article_published_time":"2012-01-29T14:45:24+00:00","article_modified_time":"2019-03-18T20:21:48+00:00","og_image":[{"url":"https:\/\/elibragerphotography.com\/wp-content\/uploads\/2012\/01\/1201-0143.jpg?w=204","type":"","width":"","height":""}],"author":"elibrager","twitter_card":"summary_large_image","twitter_misc":{"Skrevet av":"elibrager"},"schema":{"@context":"https:\/\/schema.org","@graph":[{"@type":"Article","@id":"https:\/\/elibragerphotography.com\/farger-i-det-gra\/#article","isPartOf":{"@id":"https:\/\/elibragerphotography.com\/farger-i-det-gra\/"},"author":{"name":"elibrager","@id":"https:\/\/elibragerphotography.com\/#\/schema\/person\/2d49ba3051dc6c73bb511d324539efbe"},"headline":"Farger i det gr\u00e5","datePublished":"2012-01-29T14:45:24+00:00","dateModified":"2019-03-18T20:21:48+00:00","mainEntityOfPage":{"@id":"https:\/\/elibragerphotography.com\/farger-i-det-gra\/"},"wordCount":84,"commentCount":2,"publisher":{"@id":"https:\/\/elibragerphotography.com\/#\/schema\/person\/2d49ba3051dc6c73bb511d324539efbe"},"image":{"@id":"https:\/\/elibragerphotography.com\/farger-i-det-gra\/#primaryimage"},"thumbnailUrl":"https:\/\/elibragerphotography.com\/wp-content\/uploads\/2012\/01\/1201-0143.jpg?w=204","keywords":["Skjell"],"articleSection":["Fjord","Landscape and nature","Vinter"],"inLanguage":"nb-NO","potentialAction":[{"@type":"CommentAction","name":"Comment","target":["https:\/\/elibragerphotography.com\/farger-i-det-gra\/#respond"]}]},{"@type":"WebPage","@id":"https:\/\/elibragerphotography.com\/farger-i-det-gra\/","url":"https:\/\/elibragerphotography.com\/farger-i-det-gra\/","name":"Farger i det gr\u00e5 - Eli Brager Photography","isPartOf":{"@id":"https:\/\/elibragerphotography.com\/#website"},"primaryImageOfPage":{"@id":"https:\/\/elibragerphotography.com\/farger-i-det-gra\/#primaryimage"},"image":{"@id":"https:\/\/elibragerphotography.com\/farger-i-det-gra\/#primaryimage"},"thumbnailUrl":"https:\/\/elibragerphotography.com\/wp-content\/uploads\/2012\/01\/1201-0143.jpg?w=204","datePublished":"2012-01-29T14:45:24+00:00","dateModified":"2019-03-18T20:21:48+00:00","breadcrumb":{"@id":"https:\/\/elibragerphotography.com\/farger-i-det-gra\/#breadcrumb"},"inLanguage":"nb-NO","potentialAction":[{"@type":"ReadAction","target":["https:\/\/elibragerphotography.com\/farger-i-det-gra\/"]}]},{"@type":"ImageObject","inLanguage":"nb-NO","@id":"https:\/\/elibragerphotography.com\/farger-i-det-gra\/#primaryimage","url":"https:\/\/elibragerphotography.com\/wp-content\/uploads\/2012\/01\/1201-0143.jpg?w=204","contentUrl":"https:\/\/elibragerphotography.com\/wp-content\/uploads\/2012\/01\/1201-0143.jpg?w=204"},{"@type":"BreadcrumbList","@id":"https:\/\/elibragerphotography.com\/farger-i-det-gra\/#breadcrumb","itemListElement":[{"@type":"ListItem","position":1,"name":"Home","item":"https:\/\/elibragerphotography.com\/"},{"@type":"ListItem","position":2,"name":"Farger i det gr\u00e5"}]},{"@type":"WebSite","@id":"https:\/\/elibragerphotography.com\/#website","url":"https:\/\/elibragerphotography.com\/","name":"Eli Brager Photography","description":"Om fotografering, reiser og livsglede!","publisher":{"@id":"https:\/\/elibragerphotography.com\/#\/schema\/person\/2d49ba3051dc6c73bb511d324539efbe"},"potentialAction":[{"@type":"SearchAction","target":{"@type":"EntryPoint","urlTemplate":"https:\/\/elibragerphotography.com\/?s={search_term_string}"},"query-input":{"@type":"PropertyValueSpecification","valueRequired":true,"valueName":"search_term_string"}}],"inLanguage":"nb-NO"},{"@type":["Person","Organization"],"@id":"https:\/\/elibragerphotography.com\/#\/schema\/person\/2d49ba3051dc6c73bb511d324539efbe","name":"elibrager","image":{"@type":"ImageObject","inLanguage":"nb-NO","@id":"https:\/\/i0.wp.com\/elibragerphotography.com\/wp-content\/uploads\/2025\/08\/img_1334.jpeg?fit=1536%2C2048&quality=80&strip=all&ssl=1","url":"https:\/\/i0.wp.com\/elibragerphotography.com\/wp-content\/uploads\/2025\/08\/img_1334.jpeg?fit=1536%2C2048&quality=80&strip=all&ssl=1","contentUrl":"https:\/\/i0.wp.com\/elibragerphotography.com\/wp-content\/uploads\/2025\/08\/img_1334.jpeg?fit=1536%2C2048&quality=80&strip=all&ssl=1","width":1536,"height":2048,"caption":"elibrager"},"logo":{"@id":"https:\/\/i0.wp.com\/elibragerphotography.com\/wp-content\/uploads\/2025\/08\/img_1334.jpeg?fit=1536%2C2048&quality=80&strip=all&ssl=1"},"description":"About Me Hi, I\u2019m Eli Irene Brager \u2013 photographer, writer, and lifelong wanderer in the quiet landscapes of the heart. Through my lens, I seek more than just images. I seek presence. I believe photography is not only about what we see, but how we see \u2014 how we meet the world with open eyes and a quiet mind. For me, photography is a way of listening. A form of mindfulness. A practice of stillness and wonder. I\u2019m also a globetrotter at heart. I love traveling and discovering new places with my camera \u2013 from quiet corners of nature to vibrant city streets. My blog reflects this love for exploring, with stories and photographs gathered along the way. Each journey deepens my appreciation for light, texture, and the way places speak if we take the time to listen. I photograph with both DSLR and iPhone, always guided by what moves me rather than by gear or trends. I created this space to share moments that speak, not shout. Images that invite you to pause. To feel. To breathe. Whether you\u2019re a fellow photographer or someone simply seeking calm in a noisy world, I hope you\u2019ll find something here that resonates. When I\u2019m not behind the camera, I write about mindful photography, run a Norwegian photo community called Se Utover, and create courses that combine creativity, presence, and personal growth. Thank you for visiting. I\u2019m so glad you\u2019re here.","sameAs":["http:\/\/elibragerphotography.com","https:\/\/www.facebook.com\/EliBragerPhotography","https:\/\/www.instagram.com\/elibrager","https:\/\/www.youtube.com\/@bragerfoto9838"],"url":"https:\/\/elibragerphotography.com\/nb\/author\/elibrager\/"}]}},"jetpack_publicize_connections":[],"jetpack_featured_media_url":"","jetpack_likes_enabled":true,"jetpack_sharing_enabled":true,"jetpack_shortlink":"https:\/\/wp.me\/p29FsT-o","_links":{"self":[{"href":"https:\/\/elibragerphotography.com\/nb\/wp-json\/wp\/v2\/posts\/24","targetHints":{"allow":["GET"]}}],"collection":[{"href":"https:\/\/elibragerphotography.com\/nb\/wp-json\/wp\/v2\/posts"}],"about":[{"href":"https:\/\/elibragerphotography.com\/nb\/wp-json\/wp\/v2\/types\/post"}],"author":[{"embeddable":true,"href":"https:\/\/elibragerphotography.com\/nb\/wp-json\/wp\/v2\/users\/8754777"}],"replies":[{"embeddable":true,"href":"https:\/\/elibragerphotography.com\/nb\/wp-json\/wp\/v2\/comments?post=24"}],"version-history":[{"count":6,"href":"https:\/\/elibragerphotography.com\/nb\/wp-json\/wp\/v2\/posts\/24\/revisions"}],"predecessor-version":[{"id":4732,"href":"https:\/\/elibragerphotography.com\/nb\/wp-json\/wp\/v2\/posts\/24\/revisions\/4732"}],"wp:attachment":[{"href":"https:\/\/elibragerphotography.com\/nb\/wp-json\/wp\/v2\/media?parent=24"}],"wp:term":[{"taxonomy":"category","embeddable":true,"href":"https:\/\/elibragerphotography.com\/nb\/wp-json\/wp\/v2\/categories?post=24"},{"taxonomy":"post_tag","embeddable":true,"href":"https:\/\/elibragerphotography.com\/nb\/wp-json\/wp\/v2\/tags?post=24"}],"curies":[{"name":"wp","href":"https:\/\/api.w.org\/{rel}","templated":true}]}}